{"id":11320,"date":"2024-05-28T11:33:47","date_gmt":"2024-05-28T14:33:47","guid":{"rendered":"https:\/\/www.portocentral.com.br\/?p=11320"},"modified":"2024-08-07T11:26:26","modified_gmt":"2024-08-07T14:26:26","slug":"porto-central-assina-acordo-com-gigante-europeia-para-implantar-estaleiro","status":"publish","type":"post","link":"https:\/\/www.portocentral.com.br\/en\/blog\/porto-central-assina-acordo-com-gigante-europeia-para-implantar-estaleiro\/","title":{"rendered":"Porto Central signs agreement with European giant to establish shipyard"},"content":{"rendered":"<p><em>Memorandum of Understanding was concluded with M.A.R.S., Europe A\/S, European subsidiary of M.A.R.S., Inc, specializing in complex projects and ship recycling<\/em><\/p>\n<p>Porto Central heads towards the sustainable future of ship recycling. The project, which will be built in Presidente Kennedy, South Coast of Esp\u00edrito Santo, signed the Memorandum of Understanding (MoU) for innovative feasibility research into the implementation of the shipyard that will perform these and other services in its area.<\/p>\n<p>The collaboration agreement was signed with M.A.R.S., Europe A\/S, a European subsidiary of M.A.R.S., Inc, specialized in complex projects and a reference in these operations. The partnership aims to carry out in-depth research to determine the feasibility and potential benefits of a project of this type in the south of Esp\u00edrito Santo, reinforcing a commitment to sustainable practices and economic development.<\/p>\n<p>&nbsp;<\/p>\n<figure id=\"attachment_11321\" aria-describedby=\"caption-attachment-11321\" style=\"width: 894px\" class=\"wp-caption aligncenter\"><img decoding=\"async\" loading=\"lazy\" class=\"size-large wp-image-11321\" src=\"http:\/\/www.portocentral.com.br\/wp-content\/uploads\/2024\/05\/Angelo-Santos_COO-Porto-Central_-Marcella-Croes-Schalken_CCO-M.A.R.S-Kim-Thygesen-CEO-M.A.R.S-_Jessica-Chan_Commercial-Manager-do-Porto-Central-894x1024.jpeg\" alt=\"\" width=\"894\" height=\"1024\" srcset=\"https:\/\/www.portocentral.com.br\/wp-content\/uploads\/2024\/05\/Angelo-Santos_COO-Porto-Central_-Marcella-Croes-Schalken_CCO-M.A.R.S-Kim-Thygesen-CEO-M.A.R.S-_Jessica-Chan_Commercial-Manager-do-Porto-Central-894x1024.jpeg 894w, https:\/\/www.portocentral.com.br\/wp-content\/uploads\/2024\/05\/Angelo-Santos_COO-Porto-Central_-Marcella-Croes-Schalken_CCO-M.A.R.S-Kim-Thygesen-CEO-M.A.R.S-_Jessica-Chan_Commercial-Manager-do-Porto-Central-768x879.jpeg 768w, https:\/\/www.portocentral.com.br\/wp-content\/uploads\/2024\/05\/Angelo-Santos_COO-Porto-Central_-Marcella-Croes-Schalken_CCO-M.A.R.S-Kim-Thygesen-CEO-M.A.R.S-_Jessica-Chan_Commercial-Manager-do-Porto-Central-640x733.jpeg 640w, https:\/\/www.portocentral.com.br\/wp-content\/uploads\/2024\/05\/Angelo-Santos_COO-Porto-Central_-Marcella-Croes-Schalken_CCO-M.A.R.S-Kim-Thygesen-CEO-M.A.R.S-_Jessica-Chan_Commercial-Manager-do-Porto-Central-400x458.jpeg 400w, https:\/\/www.portocentral.com.br\/wp-content\/uploads\/2024\/05\/Angelo-Santos_COO-Porto-Central_-Marcella-Croes-Schalken_CCO-M.A.R.S-Kim-Thygesen-CEO-M.A.R.S-_Jessica-Chan_Commercial-Manager-do-Porto-Central-367x420.jpeg 367w\" sizes=\"(max-width: 894px) 100vw, 894px\" \/><figcaption id=\"caption-attachment-11321\" class=\"wp-caption-text\">Angelo Santos &#8211; COO Porto Central; Marcella Croes-Schalken &#8211; CCO M.A.R.S; Kim Thygesen &#8211; CEO M.A.R.S; Jessica Chan &#8211; Commercial Manager Porto Central<\/figcaption><\/figure>\n<p>&nbsp;<\/p>\n<p>Together, the companies \u2013 leaders in logistics, construction and maritime services \u2013 accumulate experience, innovation and work, setting the stage for an innovative collaboration to explore the feasibility of a ship recycling and decommissioning yard in the new port.<\/p>\n<p>The proposed project offers numerous benefits to the local community, economy and environment. In terms of scope and impact, the shipyard will have the potential to transform and positively influence areas of direct and indirect influence. This is because, in addition to the structure itself, the project includes related facilities, services and community involvement programs.<\/p>\n<p>The benefits can be seen both in the short term, with the immediate economic impact, job creation and income generation, and in a longer period, such as improved quality of life, environmental preservation and sustainable growth. Furthermore, Porto Central encourages interested parties to consider the social, economic and environmental implications of the project to maximize its positive results and effectively face any challenges.<\/p>\n<p>The memorandum and partnership with M.A.R.S. strengthen this commitment to establishing new benchmarks in the industry, demonstrating that economic success can, and should, go hand in hand with environmental and social responsibility. By collaborating, sharing knowledge and supporting each other's efforts, you can create a value chain that inspires others to adopt sustainable practices.<\/p>\n<p><strong>More about Porto Central:<\/strong><br \/>\nWith more than 20 million square meters, Porto Central will be one of the largest port and industrial complexes in the country, operating on the multipurpose axis on the South Coast of Esp\u00edrito Santo. The project will receive vessels with a draft of up to 25 meters, being able to accommodate the largest ships in the world and move various types of cargo, including crude oil, gas, power generation, offshore support, grains, fertilizers, ores, containers and general cargo, among others.<\/p>\n<p><strong>More about M.A.R.S<\/strong><br \/>\nM.A.R.S., Inc. is at the forefront of ship decommissioning and recycling, with M.A.R.S., Europe A\/S serving as its subsidiary. Specializing in projects, M.A.R.S., Europe A\/S maintains a commitment to environmentally sustainable practices in ship recycling and dismantling, leading the market in safety and sustainability standards in the industry.<\/p>\n<p>&nbsp;<\/p>","protected":false},"excerpt":{"rendered":"<p>Memorando de Entendimentos foi celebrado com a M.A.R.S., Europe A\/S, subsidi\u00e1ria europeia da M.A.R.S., Inc, especializada em projetos complexos e reciclagem de navios O Porto Central ruma em dire\u00e7\u00e3o ao futuro sustent\u00e1vel da reciclagem de navios. O empreendimento, que ser\u00e1 constru\u00eddo em Presidente Kennedy, Litoral Sul do Esp\u00edrito Santo, assinou o Memorando de Entendimentos (MoU, [&hellip;]<\/p>","protected":false},"author":2,"featured_media":11321,"comment_status":"open","ping_status":"open","sticky":false,"template":"","format":"standard","meta":{"footnotes":""},"categories":[63,61,59,62,3],"tags":[90,88,83,56,89,57],"acf":[],"featured_image_src":{"landsacpe":["https:\/\/www.portocentral.com.br\/wp-content\/uploads\/2024\/05\/Angelo-Santos_COO-Porto-Central_-Marcella-Croes-Schalken_CCO-M.A.R.S-Kim-Thygesen-CEO-M.A.R.S-_Jessica-Chan_Commercial-Manager-do-Porto-Central-1118x445.jpeg",1118,445,true],"list":["https:\/\/www.portocentral.com.br\/wp-content\/uploads\/2024\/05\/Angelo-Santos_COO-Porto-Central_-Marcella-Croes-Schalken_CCO-M.A.R.S-Kim-Thygesen-CEO-M.A.R.S-_Jessica-Chan_Commercial-Manager-do-Porto-Central-463x348.jpeg",463,348,true],"medium":["https:\/\/www.portocentral.com.br\/wp-content\/uploads\/2024\/05\/Angelo-Santos_COO-Porto-Central_-Marcella-Croes-Schalken_CCO-M.A.R.S-Kim-Thygesen-CEO-M.A.R.S-_Jessica-Chan_Commercial-Manager-do-Porto-Central-262x300.jpeg",262,300,true],"full":["https:\/\/www.portocentral.com.br\/wp-content\/uploads\/2024\/05\/Angelo-Santos_COO-Porto-Central_-Marcella-Croes-Schalken_CCO-M.A.R.S-Kim-Thygesen-CEO-M.A.R.S-_Jessica-Chan_Commercial-Manager-do-Porto-Central.jpeg",1118,1280,false]},"yoast_head":"<!-- This site is optimized with the Yoast SEO plugin v22.4 - https:\/\/yoast.com\/wordpress\/plugins\/seo\/ -->\n<title>Porto Central assina acordo com gigante europeia para implantar estaleiro - Porto Central<\/title>\n<meta name=\"description\" content=\"Memorando de Entendimentos foi celebrado com a M.A.R.S., Europe A\/S, especializada em projetos complexos e reciclagem de navios\" \/>\n<meta name=\"robots\" content=\"index, follow, max-snippet:-1, max-image-preview:large, max-video-preview:-1\" \/>\n<link rel=\"canonical\" href=\"https:\/\/www.portocentral.com.br\/en\/blog\/porto-central-assina-acordo-com-gigante-europeia-para-implantar-estaleiro\/\" \/>\n<meta property=\"og:locale\" content=\"en_US\" \/>\n<meta property=\"og:type\" content=\"article\" \/>\n<meta property=\"og:title\" content=\"Porto Central assina acordo com gigante europeia para implantar estaleiro - Porto Central\" \/>\n<meta property=\"og:description\" content=\"Memorando de Entendimentos foi celebrado com a M.A.R.S., Europe A\/S, especializada em projetos complexos e reciclagem de navios\" \/>\n<meta property=\"og:url\" content=\"https:\/\/www.portocentral.com.br\/en\/blog\/porto-central-assina-acordo-com-gigante-europeia-para-implantar-estaleiro\/\" \/>\n<meta property=\"og:site_name\" content=\"Porto Central\" \/>\n<meta property=\"article:published_time\" content=\"2024-05-28T14:33:47+00:00\" \/>\n<meta property=\"article:modified_time\" content=\"2024-08-07T14:26:26+00:00\" \/>\n<meta property=\"og:image\" content=\"https:\/\/www.portocentral.com.br\/wp-content\/uploads\/2024\/05\/Angelo-Santos_COO-Porto-Central_-Marcella-Croes-Schalken_CCO-M.A.R.S-Kim-Thygesen-CEO-M.A.R.S-_Jessica-Chan_Commercial-Manager-do-Porto-Central.jpeg\" \/>\n\t<meta property=\"og:image:width\" content=\"1118\" \/>\n\t<meta property=\"og:image:height\" content=\"1280\" \/>\n\t<meta property=\"og:image:type\" content=\"image\/jpeg\" \/>\n<meta name=\"author\" content=\"Dani Klein\" \/>\n<meta name=\"twitter:card\" content=\"summary_large_image\" \/>\n<meta name=\"twitter:label1\" content=\"Written by\" \/>\n\t<meta name=\"twitter:data1\" content=\"Dani Klein\" \/>\n\t<meta name=\"twitter:label2\" content=\"Est. reading time\" \/>\n\t<meta name=\"twitter:data2\" content=\"4 minutes\" \/>\n<script type=\"application\/ld+json\" class=\"yoast-schema-graph\">{\"@context\":\"https:\/\/schema.org\",\"@graph\":[{\"@type\":\"WebPage\",\"@id\":\"https:\/\/www.portocentral.com.br\/blog\/porto-central-assina-acordo-com-gigante-europeia-para-implantar-estaleiro\/\",\"url\":\"https:\/\/www.portocentral.com.br\/blog\/porto-central-assina-acordo-com-gigante-europeia-para-implantar-estaleiro\/\",\"name\":\"Porto Central assina acordo com gigante europeia para implantar estaleiro - Porto Central\",\"isPartOf\":{\"@id\":\"https:\/\/www.portocentral.com.br\/#website\"},\"primaryImageOfPage\":{\"@id\":\"https:\/\/www.portocentral.com.br\/blog\/porto-central-assina-acordo-com-gigante-europeia-para-implantar-estaleiro\/#primaryimage\"},\"image\":{\"@id\":\"https:\/\/www.portocentral.com.br\/blog\/porto-central-assina-acordo-com-gigante-europeia-para-implantar-estaleiro\/#primaryimage\"},\"thumbnailUrl\":\"https:\/\/www.portocentral.com.br\/wp-content\/uploads\/2024\/05\/Angelo-Santos_COO-Porto-Central_-Marcella-Croes-Schalken_CCO-M.A.R.S-Kim-Thygesen-CEO-M.A.R.S-_Jessica-Chan_Commercial-Manager-do-Porto-Central.jpeg\",\"datePublished\":\"2024-05-28T14:33:47+00:00\",\"dateModified\":\"2024-08-07T14:26:26+00:00\",\"author\":{\"@id\":\"https:\/\/www.portocentral.com.br\/#\/schema\/person\/9c74e456aa9f17c1556873d18fe8352d\"},\"description\":\"Memorando de Entendimentos foi celebrado com a M.A.R.S., Europe A\/S, especializada em projetos complexos e reciclagem de navios\",\"breadcrumb\":{\"@id\":\"https:\/\/www.portocentral.com.br\/blog\/porto-central-assina-acordo-com-gigante-europeia-para-implantar-estaleiro\/#breadcrumb\"},\"inLanguage\":\"en-US\",\"potentialAction\":[{\"@type\":\"ReadAction\",\"target\":[\"https:\/\/www.portocentral.com.br\/blog\/porto-central-assina-acordo-com-gigante-europeia-para-implantar-estaleiro\/\"]}]},{\"@type\":\"ImageObject\",\"inLanguage\":\"en-US\",\"@id\":\"https:\/\/www.portocentral.com.br\/blog\/porto-central-assina-acordo-com-gigante-europeia-para-implantar-estaleiro\/#primaryimage\",\"url\":\"https:\/\/www.portocentral.com.br\/wp-content\/uploads\/2024\/05\/Angelo-Santos_COO-Porto-Central_-Marcella-Croes-Schalken_CCO-M.A.R.S-Kim-Thygesen-CEO-M.A.R.S-_Jessica-Chan_Commercial-Manager-do-Porto-Central.jpeg\",\"contentUrl\":\"https:\/\/www.portocentral.com.br\/wp-content\/uploads\/2024\/05\/Angelo-Santos_COO-Porto-Central_-Marcella-Croes-Schalken_CCO-M.A.R.S-Kim-Thygesen-CEO-M.A.R.S-_Jessica-Chan_Commercial-Manager-do-Porto-Central.jpeg\",\"width\":1118,\"height\":1280,\"caption\":\"Angelo Santos - COO Porto Central Marcella Croes-Schalken - CCO M.A.R.S Kim Thygesen - CEO M.A.R.S Jessica Chan - Commercial Manager Porto Central\"},{\"@type\":\"BreadcrumbList\",\"@id\":\"https:\/\/www.portocentral.com.br\/blog\/porto-central-assina-acordo-com-gigante-europeia-para-implantar-estaleiro\/#breadcrumb\",\"itemListElement\":[{\"@type\":\"ListItem\",\"position\":1,\"name\":\"In\u00edcio\",\"item\":\"https:\/\/www.portocentral.com.br\/\"},{\"@type\":\"ListItem\",\"position\":2,\"name\":\"Porto Central assina acordo com gigante europeia para implantar estaleiro\"}]},{\"@type\":\"WebSite\",\"@id\":\"https:\/\/www.portocentral.com.br\/#website\",\"url\":\"https:\/\/www.portocentral.com.br\/\",\"name\":\"Porto Central\",\"description\":\"uma inovadora solu\u00e7\u00e3o log\u00edstica\",\"potentialAction\":[{\"@type\":\"SearchAction\",\"target\":{\"@type\":\"EntryPoint\",\"urlTemplate\":\"https:\/\/www.portocentral.com.br\/?s={search_term_string}\"},\"query-input\":\"required name=search_term_string\"}],\"inLanguage\":\"en-US\"},{\"@type\":\"Person\",\"@id\":\"https:\/\/www.portocentral.com.br\/#\/schema\/person\/9c74e456aa9f17c1556873d18fe8352d\",\"name\":\"Dani Klein\",\"image\":{\"@type\":\"ImageObject\",\"inLanguage\":\"en-US\",\"@id\":\"https:\/\/www.portocentral.com.br\/#\/schema\/person\/image\/\",\"url\":\"https:\/\/secure.gravatar.com\/avatar\/2e16ed30a1d1abdde42add3583a961aa?s=96&d=mm&r=g\",\"contentUrl\":\"https:\/\/secure.gravatar.com\/avatar\/2e16ed30a1d1abdde42add3583a961aa?s=96&d=mm&r=g\",\"caption\":\"Dani Klein\"},\"sameAs\":[\"http:\/\/kickgroup.com.br\"],\"url\":\"https:\/\/www.portocentral.com.br\/en\/blog\/author\/dani-klein\/\"}]}<\/script>\n<!-- \/ Yoast SEO plugin. -->","yoast_head_json":{"title":"Porto Central assina acordo com gigante europeia para implantar estaleiro - Porto Central","description":"Memorando de Entendimentos foi celebrado com a M.A.R.S., Europe A\/S, especializada em projetos complexos e reciclagem de navios","robots":{"index":"index","follow":"follow","max-snippet":"max-snippet:-1","max-image-preview":"max-image-preview:large","max-video-preview":"max-video-preview:-1"},"canonical":"https:\/\/www.portocentral.com.br\/en\/blog\/porto-central-assina-acordo-com-gigante-europeia-para-implantar-estaleiro\/","og_locale":"en_US","og_type":"article","og_title":"Porto Central assina acordo com gigante europeia para implantar estaleiro - Porto Central","og_description":"Memorando de Entendimentos foi celebrado com a M.A.R.S., Europe A\/S, especializada em projetos complexos e reciclagem de navios","og_url":"https:\/\/www.portocentral.com.br\/en\/blog\/porto-central-assina-acordo-com-gigante-europeia-para-implantar-estaleiro\/","og_site_name":"Porto Central","article_published_time":"2024-05-28T14:33:47+00:00","article_modified_time":"2024-08-07T14:26:26+00:00","og_image":[{"width":1118,"height":1280,"url":"https:\/\/www.portocentral.com.br\/wp-content\/uploads\/2024\/05\/Angelo-Santos_COO-Porto-Central_-Marcella-Croes-Schalken_CCO-M.A.R.S-Kim-Thygesen-CEO-M.A.R.S-_Jessica-Chan_Commercial-Manager-do-Porto-Central.jpeg","type":"image\/jpeg"}],"author":"Dani Klein","twitter_card":"summary_large_image","twitter_misc":{"Written by":"Dani Klein","Est. reading time":"4 minutes"},"schema":{"@context":"https:\/\/schema.org","@graph":[{"@type":"WebPage","@id":"https:\/\/www.portocentral.com.br\/blog\/porto-central-assina-acordo-com-gigante-europeia-para-implantar-estaleiro\/","url":"https:\/\/www.portocentral.com.br\/blog\/porto-central-assina-acordo-com-gigante-europeia-para-implantar-estaleiro\/","name":"Porto Central assina acordo com gigante europeia para implantar estaleiro - Porto Central","isPartOf":{"@id":"https:\/\/www.portocentral.com.br\/#website"},"primaryImageOfPage":{"@id":"https:\/\/www.portocentral.com.br\/blog\/porto-central-assina-acordo-com-gigante-europeia-para-implantar-estaleiro\/#primaryimage"},"image":{"@id":"https:\/\/www.portocentral.com.br\/blog\/porto-central-assina-acordo-com-gigante-europeia-para-implantar-estaleiro\/#primaryimage"},"thumbnailUrl":"https:\/\/www.portocentral.com.br\/wp-content\/uploads\/2024\/05\/Angelo-Santos_COO-Porto-Central_-Marcella-Croes-Schalken_CCO-M.A.R.S-Kim-Thygesen-CEO-M.A.R.S-_Jessica-Chan_Commercial-Manager-do-Porto-Central.jpeg","datePublished":"2024-05-28T14:33:47+00:00","dateModified":"2024-08-07T14:26:26+00:00","author":{"@id":"https:\/\/www.portocentral.com.br\/#\/schema\/person\/9c74e456aa9f17c1556873d18fe8352d"},"description":"Memorando de Entendimentos foi celebrado com a M.A.R.S., Europe A\/S, especializada em projetos complexos e reciclagem de navios","breadcrumb":{"@id":"https:\/\/www.portocentral.com.br\/blog\/porto-central-assina-acordo-com-gigante-europeia-para-implantar-estaleiro\/#breadcrumb"},"inLanguage":"en-US","potentialAction":[{"@type":"ReadAction","target":["https:\/\/www.portocentral.com.br\/blog\/porto-central-assina-acordo-com-gigante-europeia-para-implantar-estaleiro\/"]}]},{"@type":"ImageObject","inLanguage":"en-US","@id":"https:\/\/www.portocentral.com.br\/blog\/porto-central-assina-acordo-com-gigante-europeia-para-implantar-estaleiro\/#primaryimage","url":"https:\/\/www.portocentral.com.br\/wp-content\/uploads\/2024\/05\/Angelo-Santos_COO-Porto-Central_-Marcella-Croes-Schalken_CCO-M.A.R.S-Kim-Thygesen-CEO-M.A.R.S-_Jessica-Chan_Commercial-Manager-do-Porto-Central.jpeg","contentUrl":"https:\/\/www.portocentral.com.br\/wp-content\/uploads\/2024\/05\/Angelo-Santos_COO-Porto-Central_-Marcella-Croes-Schalken_CCO-M.A.R.S-Kim-Thygesen-CEO-M.A.R.S-_Jessica-Chan_Commercial-Manager-do-Porto-Central.jpeg","width":1118,"height":1280,"caption":"Angelo Santos - COO Porto Central Marcella Croes-Schalken - CCO M.A.R.S Kim Thygesen - CEO M.A.R.S Jessica Chan - Commercial Manager Porto Central"},{"@type":"BreadcrumbList","@id":"https:\/\/www.portocentral.com.br\/blog\/porto-central-assina-acordo-com-gigante-europeia-para-implantar-estaleiro\/#breadcrumb","itemListElement":[{"@type":"ListItem","position":1,"name":"In\u00edcio","item":"https:\/\/www.portocentral.com.br\/"},{"@type":"ListItem","position":2,"name":"Porto Central assina acordo com gigante europeia para implantar estaleiro"}]},{"@type":"WebSite","@id":"https:\/\/www.portocentral.com.br\/#website","url":"https:\/\/www.portocentral.com.br\/","name":"Porto Central","description":"uma inovadora solu\u00e7\u00e3o log\u00edstica","potentialAction":[{"@type":"SearchAction","target":{"@type":"EntryPoint","urlTemplate":"https:\/\/www.portocentral.com.br\/?s={search_term_string}"},"query-input":"required name=search_term_string"}],"inLanguage":"en-US"},{"@type":"Person","@id":"https:\/\/www.portocentral.com.br\/#\/schema\/person\/9c74e456aa9f17c1556873d18fe8352d","name":"Dani Klein","image":{"@type":"ImageObject","inLanguage":"en-US","@id":"https:\/\/www.portocentral.com.br\/#\/schema\/person\/image\/","url":"https:\/\/secure.gravatar.com\/avatar\/2e16ed30a1d1abdde42add3583a961aa?s=96&d=mm&r=g","contentUrl":"https:\/\/secure.gravatar.com\/avatar\/2e16ed30a1d1abdde42add3583a961aa?s=96&d=mm&r=g","caption":"Dani Klein"},"sameAs":["http:\/\/kickgroup.com.br"],"url":"https:\/\/www.portocentral.com.br\/en\/blog\/author\/dani-klein\/"}]}},"_links":{"self":[{"href":"https:\/\/www.portocentral.com.br\/en\/wp-json\/wp\/v2\/posts\/11320"}],"collection":[{"href":"https:\/\/www.portocentral.com.br\/en\/wp-json\/wp\/v2\/posts"}],"about":[{"href":"https:\/\/www.portocentral.com.br\/en\/wp-json\/wp\/v2\/types\/post"}],"author":[{"embeddable":true,"href":"https:\/\/www.portocentral.com.br\/en\/wp-json\/wp\/v2\/users\/2"}],"replies":[{"embeddable":true,"href":"https:\/\/www.portocentral.com.br\/en\/wp-json\/wp\/v2\/comments?post=11320"}],"version-history":[{"count":1,"href":"https:\/\/www.portocentral.com.br\/en\/wp-json\/wp\/v2\/posts\/11320\/revisions"}],"predecessor-version":[{"id":12016,"href":"https:\/\/www.portocentral.com.br\/en\/wp-json\/wp\/v2\/posts\/11320\/revisions\/12016"}],"wp:featuredmedia":[{"embeddable":true,"href":"https:\/\/www.portocentral.com.br\/en\/wp-json\/wp\/v2\/media\/11321"}],"wp:attachment":[{"href":"https:\/\/www.portocentral.com.br\/en\/wp-json\/wp\/v2\/media?parent=11320"}],"wp:term":[{"taxonomy":"category","embeddable":true,"href":"https:\/\/www.portocentral.com.br\/en\/wp-json\/wp\/v2\/categories?post=11320"},{"taxonomy":"post_tag","embeddable":true,"href":"https:\/\/www.portocentral.com.br\/en\/wp-json\/wp\/v2\/tags?post=11320"}],"curies":[{"name":"wp","href":"https:\/\/api.w.org\/{rel}","templated":true}]}}