{"id":12368,"date":"2025-01-30T20:25:50","date_gmt":"2025-01-30T23:25:50","guid":{"rendered":"https:\/\/www.portocentral.com.br\/?p=12368"},"modified":"2025-02-04T17:33:01","modified_gmt":"2025-02-04T20:33:01","slug":"comunidades-participam-de-encontro-sobre-patrimonio-cultural","status":"publish","type":"post","link":"https:\/\/www.portocentral.com.br\/en\/blog\/comunidades-participam-de-encontro-sobre-patrimonio-cultural\/","title":{"rendered":"Communities Participate in Cultural Heritage Meetings"},"content":{"rendered":"<p><i><span style=\"font-weight: 400;\">The initiative aims to value local culture and strengthen the communities' sense of belonging.<\/span><\/i><\/p>\n<p><span style=\"font-weight: 400;\">Residents from three communities took part in cultural heritage education lectures promoted by Porto Central this January. The meetings were held in Marob\u00e1 (Presidente Kennedy - ES), Boa Vista do Sul (Marata\u00edzes - ES), and Barra do Itabapoana (S\u00e3o Francisco do Itabapoana - RJ), gathering approximately 50 participants.<\/span><\/p>\n<p><span style=\"font-weight: 400;\">During the lectures, specialists explained the concept of tangible and intangible heritage, highlighting traditions, historical buildings, and cultural elements that shape the local identity. Preserving these aspects is essential to keeping the region\u2019s history alive, strengthening the community\u2019s sense of belonging, and valuing knowledge passed down through generations.<\/span><\/p>\n<p><span style=\"font-weight: 400;\">Essa a\u00e7\u00e3o faz parte do Programa de Educa\u00e7\u00e3o Patrimonial (PEP) do Porto Central e atende a um compromisso ambiental assumido junto ao Instituto Brasileiro do Meio Ambiente e dos Recursos Naturais Renov\u00e1veis (IBAMA). Com o sucesso da primeira etapa, novas palestras est\u00e3o sendo planejadas para ampliar o impacto do projeto e fortalecer o envolvimento da comunidade na prote\u00e7\u00e3o do patrim\u00f4nio cultural.<\/span><\/p>\n<p>&nbsp;<\/p>","protected":false},"excerpt":{"rendered":"<p>A iniciativa busca valorizar a cultura local e fortalecer o senso de pertencimento das comunidades Moradores de tr\u00eas comunidades participaram de palestras sobre Educa\u00e7\u00e3o Patrimonial, promovidas pelo Porto Central, durante este m\u00eas de janeiro. Os encontros aconteceram em Marob\u00e1 (Presidente Kennedy &#8211; ES), Boa Vista do Sul (Marata\u00edzes &#8211; ES) e Barra do Itabapoana (S\u00e3o [&hellip;]<\/p>","protected":false},"author":2,"featured_media":12369,"comment_status":"open","ping_status":"open","sticky":false,"template":"","format":"standard","meta":{"footnotes":""},"categories":[63,3],"tags":[58,105,56],"acf":[],"featured_image_src":{"landsacpe":["https:\/\/www.portocentral.com.br\/wp-content\/uploads\/2025\/01\/palestras_PK_MTZ_SFI-1140x445.png",1140,445,true],"list":["https:\/\/www.portocentral.com.br\/wp-content\/uploads\/2025\/01\/palestras_PK_MTZ_SFI-463x348.png",463,348,true],"medium":["https:\/\/www.portocentral.com.br\/wp-content\/uploads\/2025\/01\/palestras_PK_MTZ_SFI-300x240.png",300,240,true],"full":["https:\/\/www.portocentral.com.br\/wp-content\/uploads\/2025\/01\/palestras_PK_MTZ_SFI.png",2000,1600,false]},"yoast_head":"<!-- This site is optimized with the Yoast SEO plugin v22.4 - https:\/\/yoast.com\/wordpress\/plugins\/seo\/ -->\n<title>Comunidades participam de encontro sobre patrim\u00f4nio cultural - Porto Central<\/title>\n<meta name=\"description\" content=\"A iniciativa busca valorizar a cultura local e fortalecer o senso de pertencimento das comunidades. A a\u00e7\u00e3o faz parte do Programa de Educa\u00e7\u00e3o Patrimonial (PEP)\" \/>\n<meta name=\"robots\" content=\"index, follow, max-snippet:-1, max-image-preview:large, max-video-preview:-1\" \/>\n<link rel=\"canonical\" href=\"https:\/\/www.portocentral.com.br\/en\/blog\/comunidades-participam-de-encontro-sobre-patrimonio-cultural\/\" \/>\n<meta property=\"og:locale\" content=\"en_US\" \/>\n<meta property=\"og:type\" content=\"article\" \/>\n<meta property=\"og:title\" content=\"Comunidades participam de encontro sobre patrim\u00f4nio cultural - Porto Central\" \/>\n<meta property=\"og:description\" content=\"A iniciativa busca valorizar a cultura local e fortalecer o senso de pertencimento das comunidades. A a\u00e7\u00e3o faz parte do Programa de Educa\u00e7\u00e3o Patrimonial (PEP)\" \/>\n<meta property=\"og:url\" content=\"https:\/\/www.portocentral.com.br\/en\/blog\/comunidades-participam-de-encontro-sobre-patrimonio-cultural\/\" \/>\n<meta property=\"og:site_name\" content=\"Porto Central\" \/>\n<meta property=\"article:published_time\" content=\"2025-01-30T23:25:50+00:00\" \/>\n<meta property=\"article:modified_time\" content=\"2025-02-04T20:33:01+00:00\" \/>\n<meta property=\"og:image\" content=\"https:\/\/www.portocentral.com.br\/wp-content\/uploads\/2025\/01\/palestras_PK_MTZ_SFI-1024x819.png\" \/>\n\t<meta property=\"og:image:width\" content=\"1024\" \/>\n\t<meta property=\"og:image:height\" content=\"819\" \/>\n\t<meta property=\"og:image:type\" content=\"image\/png\" \/>\n<meta name=\"author\" content=\"Dani Klein\" \/>\n<meta name=\"twitter:card\" content=\"summary_large_image\" \/>\n<meta name=\"twitter:label1\" content=\"Written by\" \/>\n\t<meta name=\"twitter:data1\" content=\"Dani Klein\" \/>\n\t<meta name=\"twitter:label2\" content=\"Est. reading time\" \/>\n\t<meta name=\"twitter:data2\" content=\"2 minutes\" \/>\n<script type=\"application\/ld+json\" class=\"yoast-schema-graph\">{\"@context\":\"https:\/\/schema.org\",\"@graph\":[{\"@type\":\"WebPage\",\"@id\":\"https:\/\/www.portocentral.com.br\/blog\/comunidades-participam-de-encontro-sobre-patrimonio-cultural\/\",\"url\":\"https:\/\/www.portocentral.com.br\/blog\/comunidades-participam-de-encontro-sobre-patrimonio-cultural\/\",\"name\":\"Comunidades participam de encontro sobre patrim\u00f4nio cultural - Porto Central\",\"isPartOf\":{\"@id\":\"https:\/\/www.portocentral.com.br\/#website\"},\"primaryImageOfPage\":{\"@id\":\"https:\/\/www.portocentral.com.br\/blog\/comunidades-participam-de-encontro-sobre-patrimonio-cultural\/#primaryimage\"},\"image\":{\"@id\":\"https:\/\/www.portocentral.com.br\/blog\/comunidades-participam-de-encontro-sobre-patrimonio-cultural\/#primaryimage\"},\"thumbnailUrl\":\"https:\/\/www.portocentral.com.br\/wp-content\/uploads\/2025\/01\/palestras_PK_MTZ_SFI.png\",\"datePublished\":\"2025-01-30T23:25:50+00:00\",\"dateModified\":\"2025-02-04T20:33:01+00:00\",\"author\":{\"@id\":\"https:\/\/www.portocentral.com.br\/#\/schema\/person\/9c74e456aa9f17c1556873d18fe8352d\"},\"description\":\"A iniciativa busca valorizar a cultura local e fortalecer o senso de pertencimento das comunidades. A a\u00e7\u00e3o faz parte do Programa de Educa\u00e7\u00e3o Patrimonial (PEP)\",\"breadcrumb\":{\"@id\":\"https:\/\/www.portocentral.com.br\/blog\/comunidades-participam-de-encontro-sobre-patrimonio-cultural\/#breadcrumb\"},\"inLanguage\":\"en-US\",\"potentialAction\":[{\"@type\":\"ReadAction\",\"target\":[\"https:\/\/www.portocentral.com.br\/blog\/comunidades-participam-de-encontro-sobre-patrimonio-cultural\/\"]}]},{\"@type\":\"ImageObject\",\"inLanguage\":\"en-US\",\"@id\":\"https:\/\/www.portocentral.com.br\/blog\/comunidades-participam-de-encontro-sobre-patrimonio-cultural\/#primaryimage\",\"url\":\"https:\/\/www.portocentral.com.br\/wp-content\/uploads\/2025\/01\/palestras_PK_MTZ_SFI.png\",\"contentUrl\":\"https:\/\/www.portocentral.com.br\/wp-content\/uploads\/2025\/01\/palestras_PK_MTZ_SFI.png\",\"width\":2000,\"height\":1600},{\"@type\":\"BreadcrumbList\",\"@id\":\"https:\/\/www.portocentral.com.br\/blog\/comunidades-participam-de-encontro-sobre-patrimonio-cultural\/#breadcrumb\",\"itemListElement\":[{\"@type\":\"ListItem\",\"position\":1,\"name\":\"In\u00edcio\",\"item\":\"https:\/\/www.portocentral.com.br\/\"},{\"@type\":\"ListItem\",\"position\":2,\"name\":\"Comunidades participam de encontro sobre patrim\u00f4nio cultural\"}]},{\"@type\":\"WebSite\",\"@id\":\"https:\/\/www.portocentral.com.br\/#website\",\"url\":\"https:\/\/www.portocentral.com.br\/\",\"name\":\"Porto Central\",\"description\":\"uma inovadora solu\u00e7\u00e3o log\u00edstica\",\"potentialAction\":[{\"@type\":\"SearchAction\",\"target\":{\"@type\":\"EntryPoint\",\"urlTemplate\":\"https:\/\/www.portocentral.com.br\/?s={search_term_string}\"},\"query-input\":\"required name=search_term_string\"}],\"inLanguage\":\"en-US\"},{\"@type\":\"Person\",\"@id\":\"https:\/\/www.portocentral.com.br\/#\/schema\/person\/9c74e456aa9f17c1556873d18fe8352d\",\"name\":\"Dani Klein\",\"image\":{\"@type\":\"ImageObject\",\"inLanguage\":\"en-US\",\"@id\":\"https:\/\/www.portocentral.com.br\/#\/schema\/person\/image\/\",\"url\":\"https:\/\/secure.gravatar.com\/avatar\/2e16ed30a1d1abdde42add3583a961aa?s=96&d=mm&r=g\",\"contentUrl\":\"https:\/\/secure.gravatar.com\/avatar\/2e16ed30a1d1abdde42add3583a961aa?s=96&d=mm&r=g\",\"caption\":\"Dani Klein\"},\"sameAs\":[\"http:\/\/kickgroup.com.br\"],\"url\":\"https:\/\/www.portocentral.com.br\/en\/blog\/author\/dani-klein\/\"}]}<\/script>\n<!-- \/ Yoast SEO plugin. -->","yoast_head_json":{"title":"Comunidades participam de encontro sobre patrim\u00f4nio cultural - Porto Central","description":"A iniciativa busca valorizar a cultura local e fortalecer o senso de pertencimento das comunidades. A a\u00e7\u00e3o faz parte do Programa de Educa\u00e7\u00e3o Patrimonial (PEP)","robots":{"index":"index","follow":"follow","max-snippet":"max-snippet:-1","max-image-preview":"max-image-preview:large","max-video-preview":"max-video-preview:-1"},"canonical":"https:\/\/www.portocentral.com.br\/en\/blog\/comunidades-participam-de-encontro-sobre-patrimonio-cultural\/","og_locale":"en_US","og_type":"article","og_title":"Comunidades participam de encontro sobre patrim\u00f4nio cultural - Porto Central","og_description":"A iniciativa busca valorizar a cultura local e fortalecer o senso de pertencimento das comunidades. A a\u00e7\u00e3o faz parte do Programa de Educa\u00e7\u00e3o Patrimonial (PEP)","og_url":"https:\/\/www.portocentral.com.br\/en\/blog\/comunidades-participam-de-encontro-sobre-patrimonio-cultural\/","og_site_name":"Porto Central","article_published_time":"2025-01-30T23:25:50+00:00","article_modified_time":"2025-02-04T20:33:01+00:00","og_image":[{"width":1024,"height":819,"url":"https:\/\/www.portocentral.com.br\/wp-content\/uploads\/2025\/01\/palestras_PK_MTZ_SFI-1024x819.png","type":"image\/png"}],"author":"Dani Klein","twitter_card":"summary_large_image","twitter_misc":{"Written by":"Dani Klein","Est. reading time":"2 minutes"},"schema":{"@context":"https:\/\/schema.org","@graph":[{"@type":"WebPage","@id":"https:\/\/www.portocentral.com.br\/blog\/comunidades-participam-de-encontro-sobre-patrimonio-cultural\/","url":"https:\/\/www.portocentral.com.br\/blog\/comunidades-participam-de-encontro-sobre-patrimonio-cultural\/","name":"Comunidades participam de encontro sobre patrim\u00f4nio cultural - Porto Central","isPartOf":{"@id":"https:\/\/www.portocentral.com.br\/#website"},"primaryImageOfPage":{"@id":"https:\/\/www.portocentral.com.br\/blog\/comunidades-participam-de-encontro-sobre-patrimonio-cultural\/#primaryimage"},"image":{"@id":"https:\/\/www.portocentral.com.br\/blog\/comunidades-participam-de-encontro-sobre-patrimonio-cultural\/#primaryimage"},"thumbnailUrl":"https:\/\/www.portocentral.com.br\/wp-content\/uploads\/2025\/01\/palestras_PK_MTZ_SFI.png","datePublished":"2025-01-30T23:25:50+00:00","dateModified":"2025-02-04T20:33:01+00:00","author":{"@id":"https:\/\/www.portocentral.com.br\/#\/schema\/person\/9c74e456aa9f17c1556873d18fe8352d"},"description":"A iniciativa busca valorizar a cultura local e fortalecer o senso de pertencimento das comunidades. A a\u00e7\u00e3o faz parte do Programa de Educa\u00e7\u00e3o Patrimonial (PEP)","breadcrumb":{"@id":"https:\/\/www.portocentral.com.br\/blog\/comunidades-participam-de-encontro-sobre-patrimonio-cultural\/#breadcrumb"},"inLanguage":"en-US","potentialAction":[{"@type":"ReadAction","target":["https:\/\/www.portocentral.com.br\/blog\/comunidades-participam-de-encontro-sobre-patrimonio-cultural\/"]}]},{"@type":"ImageObject","inLanguage":"en-US","@id":"https:\/\/www.portocentral.com.br\/blog\/comunidades-participam-de-encontro-sobre-patrimonio-cultural\/#primaryimage","url":"https:\/\/www.portocentral.com.br\/wp-content\/uploads\/2025\/01\/palestras_PK_MTZ_SFI.png","contentUrl":"https:\/\/www.portocentral.com.br\/wp-content\/uploads\/2025\/01\/palestras_PK_MTZ_SFI.png","width":2000,"height":1600},{"@type":"BreadcrumbList","@id":"https:\/\/www.portocentral.com.br\/blog\/comunidades-participam-de-encontro-sobre-patrimonio-cultural\/#breadcrumb","itemListElement":[{"@type":"ListItem","position":1,"name":"In\u00edcio","item":"https:\/\/www.portocentral.com.br\/"},{"@type":"ListItem","position":2,"name":"Comunidades participam de encontro sobre patrim\u00f4nio cultural"}]},{"@type":"WebSite","@id":"https:\/\/www.portocentral.com.br\/#website","url":"https:\/\/www.portocentral.com.br\/","name":"Porto Central","description":"uma inovadora solu\u00e7\u00e3o log\u00edstica","potentialAction":[{"@type":"SearchAction","target":{"@type":"EntryPoint","urlTemplate":"https:\/\/www.portocentral.com.br\/?s={search_term_string}"},"query-input":"required name=search_term_string"}],"inLanguage":"en-US"},{"@type":"Person","@id":"https:\/\/www.portocentral.com.br\/#\/schema\/person\/9c74e456aa9f17c1556873d18fe8352d","name":"Dani Klein","image":{"@type":"ImageObject","inLanguage":"en-US","@id":"https:\/\/www.portocentral.com.br\/#\/schema\/person\/image\/","url":"https:\/\/secure.gravatar.com\/avatar\/2e16ed30a1d1abdde42add3583a961aa?s=96&d=mm&r=g","contentUrl":"https:\/\/secure.gravatar.com\/avatar\/2e16ed30a1d1abdde42add3583a961aa?s=96&d=mm&r=g","caption":"Dani Klein"},"sameAs":["http:\/\/kickgroup.com.br"],"url":"https:\/\/www.portocentral.com.br\/en\/blog\/author\/dani-klein\/"}]}},"_links":{"self":[{"href":"https:\/\/www.portocentral.com.br\/en\/wp-json\/wp\/v2\/posts\/12368"}],"collection":[{"href":"https:\/\/www.portocentral.com.br\/en\/wp-json\/wp\/v2\/posts"}],"about":[{"href":"https:\/\/www.portocentral.com.br\/en\/wp-json\/wp\/v2\/types\/post"}],"author":[{"embeddable":true,"href":"https:\/\/www.portocentral.com.br\/en\/wp-json\/wp\/v2\/users\/2"}],"replies":[{"embeddable":true,"href":"https:\/\/www.portocentral.com.br\/en\/wp-json\/wp\/v2\/comments?post=12368"}],"version-history":[{"count":3,"href":"https:\/\/www.portocentral.com.br\/en\/wp-json\/wp\/v2\/posts\/12368\/revisions"}],"predecessor-version":[{"id":12381,"href":"https:\/\/www.portocentral.com.br\/en\/wp-json\/wp\/v2\/posts\/12368\/revisions\/12381"}],"wp:featuredmedia":[{"embeddable":true,"href":"https:\/\/www.portocentral.com.br\/en\/wp-json\/wp\/v2\/media\/12369"}],"wp:attachment":[{"href":"https:\/\/www.portocentral.com.br\/en\/wp-json\/wp\/v2\/media?parent=12368"}],"wp:term":[{"taxonomy":"category","embeddable":true,"href":"https:\/\/www.portocentral.com.br\/en\/wp-json\/wp\/v2\/categories?post=12368"},{"taxonomy":"post_tag","embeddable":true,"href":"https:\/\/www.portocentral.com.br\/en\/wp-json\/wp\/v2\/tags?post=12368"}],"curies":[{"name":"wp","href":"https:\/\/api.w.org\/{rel}","templated":true}]}}