{"id":12429,"date":"2025-03-19T18:34:36","date_gmt":"2025-03-19T21:34:36","guid":{"rendered":"https:\/\/www.portocentral.com.br\/?p=12429"},"modified":"2025-03-19T18:34:36","modified_gmt":"2025-03-19T21:34:36","slug":"educacao-patrimonial-reune-gestores-escolares-em-marataizes","status":"publish","type":"post","link":"https:\/\/www.portocentral.com.br\/en\/blog\/educacao-patrimonial-reune-gestores-escolares-em-marataizes\/","title":{"rendered":"Heritage education meeting engages school administrators in Marata\u00edzes"},"content":{"rendered":"<p><span style=\"font-weight: 400;\">Around 50 administrators from the Municipal Department of Education of Marata\u00edzes participated in a Heritage Education meeting last Tuesday (June 18), promoted by Porto Central. The event, held in the department\u2019s auditorium, featured a lecture by archaeologist Renata G\u00f3es, who provided insights into the municipality's tangible and intangible heritage and highlighted the importance of preserving these assets.<img decoding=\"async\" loading=\"lazy\" class=\"aligncenter size-large wp-image-12431\" src=\"http:\/\/www.portocentral.com.br\/wp-content\/uploads\/2025\/03\/Educacao-Patrimonial2_POC25-1024x683.jpg\" alt=\"\" width=\"1024\" height=\"683\" srcset=\"https:\/\/www.portocentral.com.br\/wp-content\/uploads\/2025\/03\/Educacao-Patrimonial2_POC25-1024x683.jpg 1024w, https:\/\/www.portocentral.com.br\/wp-content\/uploads\/2025\/03\/Educacao-Patrimonial2_POC25-768x512.jpg 768w, https:\/\/www.portocentral.com.br\/wp-content\/uploads\/2025\/03\/Educacao-Patrimonial2_POC25-640x427.jpg 640w, https:\/\/www.portocentral.com.br\/wp-content\/uploads\/2025\/03\/Educacao-Patrimonial2_POC25-400x267.jpg 400w, https:\/\/www.portocentral.com.br\/wp-content\/uploads\/2025\/03\/Educacao-Patrimonial2_POC25-367x245.jpg 367w\" sizes=\"(max-width: 1024px) 100vw, 1024px\" \/><\/span><\/p>\n<p><span style=\"font-weight: 400;\">In the next phase, these activities will be extended to the municipal school system's 5th\u2014and 9th-grade students, expanding the initiatives to reach younger generations. In addition to Marata\u00edzes, the municipalities of Presidente Kennedy (ES) and Barra do Itabapoana (RJ), which are within the project's direct area of influence, will also host educational activities.<\/span><\/p>\n<p><span style=\"font-weight: 400;\">These actions are part of the Heritage Education Program (PEP), one of the environmental requirements established by the Brazilian Institute of the Environment and Renewable Natural Resources (Ibama) for the construction of Porto Central. The program aims to promote knowledge about local history, strengthen community identity, and encourage the preservation of cultural heritage in the region.<\/span><\/p>","protected":false},"excerpt":{"rendered":"<p>Cerca de 50 gestores da Secretaria Municipal de Educa\u00e7\u00e3o de Marata\u00edzes participaram, na \u00faltima ter\u00e7a-feira (18\/06), de um encontro sobre Educa\u00e7\u00e3o Patrimonial promovido pelo Porto Central. O evento, realizado no audit\u00f3rio da Secretaria de Educa\u00e7\u00e3o, contou com uma palestra da arque\u00f3loga Renata G\u00f3es, que apresentou informa\u00e7\u00f5es sobre o patrim\u00f4nio material e imaterial do munic\u00edpio e [&hellip;]<\/p>","protected":false},"author":2,"featured_media":12430,"comment_status":"open","ping_status":"open","sticky":false,"template":"","format":"standard","meta":{"footnotes":""},"categories":[63,3],"tags":[95,105,107,56],"acf":[],"featured_image_src":{"landsacpe":["https:\/\/www.portocentral.com.br\/wp-content\/uploads\/2025\/03\/Educacao-Patrimonial_POC25-1140x445.jpg",1140,445,true],"list":["https:\/\/www.portocentral.com.br\/wp-content\/uploads\/2025\/03\/Educacao-Patrimonial_POC25-463x348.jpg",463,348,true],"medium":["https:\/\/www.portocentral.com.br\/wp-content\/uploads\/2025\/03\/Educacao-Patrimonial_POC25-300x179.jpg",300,179,true],"full":["https:\/\/www.portocentral.com.br\/wp-content\/uploads\/2025\/03\/Educacao-Patrimonial_POC25-scaled.jpg",2560,1525,false]},"yoast_head":"<!-- This site is optimized with the Yoast SEO plugin v22.4 - https:\/\/yoast.com\/wordpress\/plugins\/seo\/ -->\n<title>Educa\u00e7\u00e3o Patrimonial re\u00fane gestores escolares em Marata\u00edzes - Porto Central<\/title>\n<meta name=\"description\" content=\"Cerca de 50 gestores da Secretaria Municipal de Educa\u00e7\u00e3o de Marata\u00edzes participaram de um encontro sobre Educa\u00e7\u00e3o Patrimonial promovido pelo Porto Central.\" \/>\n<meta name=\"robots\" content=\"index, follow, max-snippet:-1, max-image-preview:large, max-video-preview:-1\" \/>\n<link rel=\"canonical\" href=\"https:\/\/www.portocentral.com.br\/en\/blog\/educacao-patrimonial-reune-gestores-escolares-em-marataizes\/\" \/>\n<meta property=\"og:locale\" content=\"en_US\" \/>\n<meta property=\"og:type\" content=\"article\" \/>\n<meta property=\"og:title\" content=\"Educa\u00e7\u00e3o Patrimonial re\u00fane gestores escolares em Marata\u00edzes - Porto Central\" \/>\n<meta property=\"og:description\" content=\"Cerca de 50 gestores da Secretaria Municipal de Educa\u00e7\u00e3o de Marata\u00edzes participaram de um encontro sobre Educa\u00e7\u00e3o Patrimonial promovido pelo Porto Central.\" \/>\n<meta property=\"og:url\" content=\"https:\/\/www.portocentral.com.br\/en\/blog\/educacao-patrimonial-reune-gestores-escolares-em-marataizes\/\" \/>\n<meta property=\"og:site_name\" content=\"Porto Central\" \/>\n<meta property=\"article:published_time\" content=\"2025-03-19T21:34:36+00:00\" \/>\n<meta property=\"og:image\" content=\"https:\/\/www.portocentral.com.br\/wp-content\/uploads\/2025\/03\/Educacao-Patrimonial_POC25-scaled.jpg\" \/>\n\t<meta property=\"og:image:width\" content=\"2560\" \/>\n\t<meta property=\"og:image:height\" content=\"1525\" \/>\n\t<meta property=\"og:image:type\" content=\"image\/jpeg\" \/>\n<meta name=\"author\" content=\"Dani Klein\" \/>\n<meta name=\"twitter:card\" content=\"summary_large_image\" \/>\n<meta name=\"twitter:label1\" content=\"Written by\" \/>\n\t<meta name=\"twitter:data1\" content=\"Dani Klein\" \/>\n\t<meta name=\"twitter:label2\" content=\"Est. reading time\" \/>\n\t<meta name=\"twitter:data2\" content=\"2 minutes\" \/>\n<script type=\"application\/ld+json\" class=\"yoast-schema-graph\">{\"@context\":\"https:\/\/schema.org\",\"@graph\":[{\"@type\":\"WebPage\",\"@id\":\"https:\/\/www.portocentral.com.br\/blog\/educacao-patrimonial-reune-gestores-escolares-em-marataizes\/\",\"url\":\"https:\/\/www.portocentral.com.br\/blog\/educacao-patrimonial-reune-gestores-escolares-em-marataizes\/\",\"name\":\"Educa\u00e7\u00e3o Patrimonial re\u00fane gestores escolares em Marata\u00edzes - Porto Central\",\"isPartOf\":{\"@id\":\"https:\/\/www.portocentral.com.br\/#website\"},\"primaryImageOfPage\":{\"@id\":\"https:\/\/www.portocentral.com.br\/blog\/educacao-patrimonial-reune-gestores-escolares-em-marataizes\/#primaryimage\"},\"image\":{\"@id\":\"https:\/\/www.portocentral.com.br\/blog\/educacao-patrimonial-reune-gestores-escolares-em-marataizes\/#primaryimage\"},\"thumbnailUrl\":\"https:\/\/www.portocentral.com.br\/wp-content\/uploads\/2025\/03\/Educacao-Patrimonial_POC25-scaled.jpg\",\"datePublished\":\"2025-03-19T21:34:36+00:00\",\"dateModified\":\"2025-03-19T21:34:36+00:00\",\"author\":{\"@id\":\"https:\/\/www.portocentral.com.br\/#\/schema\/person\/9c74e456aa9f17c1556873d18fe8352d\"},\"description\":\"Cerca de 50 gestores da Secretaria Municipal de Educa\u00e7\u00e3o de Marata\u00edzes participaram de um encontro sobre Educa\u00e7\u00e3o Patrimonial promovido pelo Porto Central.\",\"breadcrumb\":{\"@id\":\"https:\/\/www.portocentral.com.br\/blog\/educacao-patrimonial-reune-gestores-escolares-em-marataizes\/#breadcrumb\"},\"inLanguage\":\"en-US\",\"potentialAction\":[{\"@type\":\"ReadAction\",\"target\":[\"https:\/\/www.portocentral.com.br\/blog\/educacao-patrimonial-reune-gestores-escolares-em-marataizes\/\"]}]},{\"@type\":\"ImageObject\",\"inLanguage\":\"en-US\",\"@id\":\"https:\/\/www.portocentral.com.br\/blog\/educacao-patrimonial-reune-gestores-escolares-em-marataizes\/#primaryimage\",\"url\":\"https:\/\/www.portocentral.com.br\/wp-content\/uploads\/2025\/03\/Educacao-Patrimonial_POC25-scaled.jpg\",\"contentUrl\":\"https:\/\/www.portocentral.com.br\/wp-content\/uploads\/2025\/03\/Educacao-Patrimonial_POC25-scaled.jpg\",\"width\":2560,\"height\":1525,\"caption\":\"Educa\u00e7\u00e3o Patrimonial em Marata\u00edzes\"},{\"@type\":\"BreadcrumbList\",\"@id\":\"https:\/\/www.portocentral.com.br\/blog\/educacao-patrimonial-reune-gestores-escolares-em-marataizes\/#breadcrumb\",\"itemListElement\":[{\"@type\":\"ListItem\",\"position\":1,\"name\":\"In\u00edcio\",\"item\":\"https:\/\/www.portocentral.com.br\/\"},{\"@type\":\"ListItem\",\"position\":2,\"name\":\"Educa\u00e7\u00e3o Patrimonial re\u00fane gestores escolares em Marata\u00edzes\"}]},{\"@type\":\"WebSite\",\"@id\":\"https:\/\/www.portocentral.com.br\/#website\",\"url\":\"https:\/\/www.portocentral.com.br\/\",\"name\":\"Porto Central\",\"description\":\"uma inovadora solu\u00e7\u00e3o log\u00edstica\",\"potentialAction\":[{\"@type\":\"SearchAction\",\"target\":{\"@type\":\"EntryPoint\",\"urlTemplate\":\"https:\/\/www.portocentral.com.br\/?s={search_term_string}\"},\"query-input\":\"required name=search_term_string\"}],\"inLanguage\":\"en-US\"},{\"@type\":\"Person\",\"@id\":\"https:\/\/www.portocentral.com.br\/#\/schema\/person\/9c74e456aa9f17c1556873d18fe8352d\",\"name\":\"Dani Klein\",\"image\":{\"@type\":\"ImageObject\",\"inLanguage\":\"en-US\",\"@id\":\"https:\/\/www.portocentral.com.br\/#\/schema\/person\/image\/\",\"url\":\"https:\/\/secure.gravatar.com\/avatar\/2e16ed30a1d1abdde42add3583a961aa?s=96&d=mm&r=g\",\"contentUrl\":\"https:\/\/secure.gravatar.com\/avatar\/2e16ed30a1d1abdde42add3583a961aa?s=96&d=mm&r=g\",\"caption\":\"Dani Klein\"},\"sameAs\":[\"http:\/\/kickgroup.com.br\"],\"url\":\"https:\/\/www.portocentral.com.br\/en\/blog\/author\/dani-klein\/\"}]}<\/script>\n<!-- \/ Yoast SEO plugin. -->","yoast_head_json":{"title":"Educa\u00e7\u00e3o Patrimonial re\u00fane gestores escolares em Marata\u00edzes - Porto Central","description":"Cerca de 50 gestores da Secretaria Municipal de Educa\u00e7\u00e3o de Marata\u00edzes participaram de um encontro sobre Educa\u00e7\u00e3o Patrimonial promovido pelo Porto Central.","robots":{"index":"index","follow":"follow","max-snippet":"max-snippet:-1","max-image-preview":"max-image-preview:large","max-video-preview":"max-video-preview:-1"},"canonical":"https:\/\/www.portocentral.com.br\/en\/blog\/educacao-patrimonial-reune-gestores-escolares-em-marataizes\/","og_locale":"en_US","og_type":"article","og_title":"Educa\u00e7\u00e3o Patrimonial re\u00fane gestores escolares em Marata\u00edzes - Porto Central","og_description":"Cerca de 50 gestores da Secretaria Municipal de Educa\u00e7\u00e3o de Marata\u00edzes participaram de um encontro sobre Educa\u00e7\u00e3o Patrimonial promovido pelo Porto Central.","og_url":"https:\/\/www.portocentral.com.br\/en\/blog\/educacao-patrimonial-reune-gestores-escolares-em-marataizes\/","og_site_name":"Porto Central","article_published_time":"2025-03-19T21:34:36+00:00","og_image":[{"width":2560,"height":1525,"url":"https:\/\/www.portocentral.com.br\/wp-content\/uploads\/2025\/03\/Educacao-Patrimonial_POC25-scaled.jpg","type":"image\/jpeg"}],"author":"Dani Klein","twitter_card":"summary_large_image","twitter_misc":{"Written by":"Dani Klein","Est. reading time":"2 minutes"},"schema":{"@context":"https:\/\/schema.org","@graph":[{"@type":"WebPage","@id":"https:\/\/www.portocentral.com.br\/blog\/educacao-patrimonial-reune-gestores-escolares-em-marataizes\/","url":"https:\/\/www.portocentral.com.br\/blog\/educacao-patrimonial-reune-gestores-escolares-em-marataizes\/","name":"Educa\u00e7\u00e3o Patrimonial re\u00fane gestores escolares em Marata\u00edzes - Porto Central","isPartOf":{"@id":"https:\/\/www.portocentral.com.br\/#website"},"primaryImageOfPage":{"@id":"https:\/\/www.portocentral.com.br\/blog\/educacao-patrimonial-reune-gestores-escolares-em-marataizes\/#primaryimage"},"image":{"@id":"https:\/\/www.portocentral.com.br\/blog\/educacao-patrimonial-reune-gestores-escolares-em-marataizes\/#primaryimage"},"thumbnailUrl":"https:\/\/www.portocentral.com.br\/wp-content\/uploads\/2025\/03\/Educacao-Patrimonial_POC25-scaled.jpg","datePublished":"2025-03-19T21:34:36+00:00","dateModified":"2025-03-19T21:34:36+00:00","author":{"@id":"https:\/\/www.portocentral.com.br\/#\/schema\/person\/9c74e456aa9f17c1556873d18fe8352d"},"description":"Cerca de 50 gestores da Secretaria Municipal de Educa\u00e7\u00e3o de Marata\u00edzes participaram de um encontro sobre Educa\u00e7\u00e3o Patrimonial promovido pelo Porto Central.","breadcrumb":{"@id":"https:\/\/www.portocentral.com.br\/blog\/educacao-patrimonial-reune-gestores-escolares-em-marataizes\/#breadcrumb"},"inLanguage":"en-US","potentialAction":[{"@type":"ReadAction","target":["https:\/\/www.portocentral.com.br\/blog\/educacao-patrimonial-reune-gestores-escolares-em-marataizes\/"]}]},{"@type":"ImageObject","inLanguage":"en-US","@id":"https:\/\/www.portocentral.com.br\/blog\/educacao-patrimonial-reune-gestores-escolares-em-marataizes\/#primaryimage","url":"https:\/\/www.portocentral.com.br\/wp-content\/uploads\/2025\/03\/Educacao-Patrimonial_POC25-scaled.jpg","contentUrl":"https:\/\/www.portocentral.com.br\/wp-content\/uploads\/2025\/03\/Educacao-Patrimonial_POC25-scaled.jpg","width":2560,"height":1525,"caption":"Educa\u00e7\u00e3o Patrimonial em Marata\u00edzes"},{"@type":"BreadcrumbList","@id":"https:\/\/www.portocentral.com.br\/blog\/educacao-patrimonial-reune-gestores-escolares-em-marataizes\/#breadcrumb","itemListElement":[{"@type":"ListItem","position":1,"name":"In\u00edcio","item":"https:\/\/www.portocentral.com.br\/"},{"@type":"ListItem","position":2,"name":"Educa\u00e7\u00e3o Patrimonial re\u00fane gestores escolares em Marata\u00edzes"}]},{"@type":"WebSite","@id":"https:\/\/www.portocentral.com.br\/#website","url":"https:\/\/www.portocentral.com.br\/","name":"Porto Central","description":"uma inovadora solu\u00e7\u00e3o log\u00edstica","potentialAction":[{"@type":"SearchAction","target":{"@type":"EntryPoint","urlTemplate":"https:\/\/www.portocentral.com.br\/?s={search_term_string}"},"query-input":"required name=search_term_string"}],"inLanguage":"en-US"},{"@type":"Person","@id":"https:\/\/www.portocentral.com.br\/#\/schema\/person\/9c74e456aa9f17c1556873d18fe8352d","name":"Dani Klein","image":{"@type":"ImageObject","inLanguage":"en-US","@id":"https:\/\/www.portocentral.com.br\/#\/schema\/person\/image\/","url":"https:\/\/secure.gravatar.com\/avatar\/2e16ed30a1d1abdde42add3583a961aa?s=96&d=mm&r=g","contentUrl":"https:\/\/secure.gravatar.com\/avatar\/2e16ed30a1d1abdde42add3583a961aa?s=96&d=mm&r=g","caption":"Dani Klein"},"sameAs":["http:\/\/kickgroup.com.br"],"url":"https:\/\/www.portocentral.com.br\/en\/blog\/author\/dani-klein\/"}]}},"_links":{"self":[{"href":"https:\/\/www.portocentral.com.br\/en\/wp-json\/wp\/v2\/posts\/12429"}],"collection":[{"href":"https:\/\/www.portocentral.com.br\/en\/wp-json\/wp\/v2\/posts"}],"about":[{"href":"https:\/\/www.portocentral.com.br\/en\/wp-json\/wp\/v2\/types\/post"}],"author":[{"embeddable":true,"href":"https:\/\/www.portocentral.com.br\/en\/wp-json\/wp\/v2\/users\/2"}],"replies":[{"embeddable":true,"href":"https:\/\/www.portocentral.com.br\/en\/wp-json\/wp\/v2\/comments?post=12429"}],"version-history":[{"count":1,"href":"https:\/\/www.portocentral.com.br\/en\/wp-json\/wp\/v2\/posts\/12429\/revisions"}],"predecessor-version":[{"id":12432,"href":"https:\/\/www.portocentral.com.br\/en\/wp-json\/wp\/v2\/posts\/12429\/revisions\/12432"}],"wp:featuredmedia":[{"embeddable":true,"href":"https:\/\/www.portocentral.com.br\/en\/wp-json\/wp\/v2\/media\/12430"}],"wp:attachment":[{"href":"https:\/\/www.portocentral.com.br\/en\/wp-json\/wp\/v2\/media?parent=12429"}],"wp:term":[{"taxonomy":"category","embeddable":true,"href":"https:\/\/www.portocentral.com.br\/en\/wp-json\/wp\/v2\/categories?post=12429"},{"taxonomy":"post_tag","embeddable":true,"href":"https:\/\/www.portocentral.com.br\/en\/wp-json\/wp\/v2\/tags?post=12429"}],"curies":[{"name":"wp","href":"https:\/\/api.w.org\/{rel}","templated":true}]}}