{"id":12540,"date":"2025-04-10T16:44:47","date_gmt":"2025-04-10T19:44:47","guid":{"rendered":"https:\/\/www.portocentral.com.br\/?p=12540"},"modified":"2025-04-10T16:51:16","modified_gmt":"2025-04-10T19:51:16","slug":"escolas-e-comunidades-quilombolas-participam-de-palestras-sobre-educacao-patrimonial","status":"publish","type":"post","link":"https:\/\/www.portocentral.com.br\/en\/blog\/escolas-e-comunidades-quilombolas-participam-de-palestras-sobre-educacao-patrimonial\/","title":{"rendered":"Porto Central Promotes Heritage Education Lectures in Schools and Quilombola Communities"},"content":{"rendered":"<p><span style=\"font-weight: 400;\">As part of its commitment to cultural preservation, Porto Central held a series of lectures on heritage education for communities in Presidente Kennedy (Esp\u00edrito Santo, Brazil) and surrounding areas from March 17 to 21.<\/span><\/p>\n<p><span style=\"font-weight: 400;\">A total of 158 students and 14 teachers from five schools <\/span><span style=\"font-weight: 400;\">located in the project's Direct Influence Area took part in the lectures and hands-on activities. During the sessions, participants learned about the importance of preserving historical and cultural heritage, intending to protect tangible and intangible assets that shape the region\u2019s identity.\u00a0<\/span><\/p>\n<p><img decoding=\"async\" loading=\"lazy\" class=\"aligncenter wp-image-12541 size-large\" src=\"http:\/\/www.portocentral.com.br\/wp-content\/uploads\/2025\/04\/EMEIEF-BARRA-DE-MAROBA-PK_ES-768x1024.jpeg\" alt=\"\" width=\"768\" height=\"1024\" srcset=\"https:\/\/www.portocentral.com.br\/wp-content\/uploads\/2025\/04\/EMEIEF-BARRA-DE-MAROBA-PK_ES-768x1024.jpeg 768w, https:\/\/www.portocentral.com.br\/wp-content\/uploads\/2025\/04\/EMEIEF-BARRA-DE-MAROBA-PK_ES-640x853.jpeg 640w, https:\/\/www.portocentral.com.br\/wp-content\/uploads\/2025\/04\/EMEIEF-BARRA-DE-MAROBA-PK_ES-400x533.jpeg 400w, https:\/\/www.portocentral.com.br\/wp-content\/uploads\/2025\/04\/EMEIEF-BARRA-DE-MAROBA-PK_ES-367x489.jpeg 367w\" sizes=\"(max-width: 768px) 100vw, 768px\" \/><\/p>\n<p><span style=\"font-weight: 400;\">Students also had the opportunity to apply their newly acquired knowledge through a practical activity. The experience included a simulated archaeological dig, allowing participants to engage with the processes involved in identifying and studying historical artifacts playfully and interactively.<\/span><\/p>\n<p><img decoding=\"async\" loading=\"lazy\" class=\"aligncenter wp-image-12547\" src=\"http:\/\/www.portocentral.com.br\/wp-content\/uploads\/2025\/04\/admin-ajax.jpeg\" alt=\"\" width=\"800\" height=\"340\" srcset=\"https:\/\/www.portocentral.com.br\/wp-content\/uploads\/2025\/04\/admin-ajax.jpeg 600w, https:\/\/www.portocentral.com.br\/wp-content\/uploads\/2025\/04\/admin-ajax-400x170.jpeg 400w, https:\/\/www.portocentral.com.br\/wp-content\/uploads\/2025\/04\/admin-ajax-367x156.jpeg 367w\" sizes=\"(max-width: 800px) 100vw, 800px\" \/><\/p>\n<p><span style=\"font-weight: 400;\">The quilombola communities of Boa Esperan\u00e7a and Cacimbinha also attended the heritage education lecture, which took place at the Residents\u2019 Association headquarters and included the participation of community leaders.<\/span><\/p>\n<p><span style=\"font-weight: 400;\">The session shared information about the communities\u2019 history and cultural assets, highlighting the significance of quilombola identity in the region. It also created a space for dialogue and exchange of experiences, encouraging reflection on the importance of valuing and preserving their traditions.<\/span><\/p>\n<p><span style=\"font-weight: 400;\">This initiative is part of the Heritage Education Program (PEP), one of the environmental conditions established by the Brazilian Institute of Environment and Renewable Natural Resources (Ibama) for the construction of Porto Central. The program aims to spread historical knowledge, strengthen cultural identity, and promote the appreciation of local heritage.\u00a0<\/span><\/p>","protected":false},"excerpt":{"rendered":"<p>Refor\u00e7ando seu compromisso com a preserva\u00e7\u00e3o cultural, o Porto Central realizou um ciclo de palestras sobre educa\u00e7\u00e3o patrimonial para as comunidades de Presidente Kennedy (ES) e em torno da regi\u00e3o entre os dias 17 a 21 de mar\u00e7o. Um grupo de 158 alunos e 14 professores de cinco escolas localizadas nos munic\u00edpios da \u00c1rea de [&hellip;]<\/p>","protected":false},"author":2,"featured_media":12543,"comment_status":"open","ping_status":"open","sticky":false,"template":"","format":"standard","meta":{"footnotes":""},"categories":[63,3],"tags":[105,56],"acf":[],"featured_image_src":{"landsacpe":["https:\/\/www.portocentral.com.br\/wp-content\/uploads\/2025\/04\/IMG_3683-1140x445.jpg",1140,445,true],"list":["https:\/\/www.portocentral.com.br\/wp-content\/uploads\/2025\/04\/IMG_3683-463x348.jpg",463,348,true],"medium":["https:\/\/www.portocentral.com.br\/wp-content\/uploads\/2025\/04\/IMG_3683-300x200.jpg",300,200,true],"full":["https:\/\/www.portocentral.com.br\/wp-content\/uploads\/2025\/04\/IMG_3683-scaled.jpg",2560,1707,false]},"yoast_head":"<!-- This site is optimized with the Yoast SEO plugin v22.4 - https:\/\/yoast.com\/wordpress\/plugins\/seo\/ -->\n<title>Escolas e comunidades quilombolas participam de palestras sobre educa\u00e7\u00e3o patrimonial - Porto Central<\/title>\n<meta name=\"description\" content=\"O programa busca disseminar o conhecimento hist\u00f3rico, o fortalecimento da identidade cultural e a valoriza\u00e7\u00e3o do patrim\u00f4nio da regi\u00e3o.\u00a0\" \/>\n<meta name=\"robots\" content=\"index, follow, max-snippet:-1, max-image-preview:large, max-video-preview:-1\" \/>\n<link rel=\"canonical\" href=\"https:\/\/www.portocentral.com.br\/en\/blog\/escolas-e-comunidades-quilombolas-participam-de-palestras-sobre-educacao-patrimonial\/\" \/>\n<meta property=\"og:locale\" content=\"en_US\" \/>\n<meta property=\"og:type\" content=\"article\" \/>\n<meta property=\"og:title\" content=\"Escolas e comunidades quilombolas participam de palestras sobre educa\u00e7\u00e3o patrimonial - Porto Central\" \/>\n<meta property=\"og:description\" content=\"O programa busca disseminar o conhecimento hist\u00f3rico, o fortalecimento da identidade cultural e a valoriza\u00e7\u00e3o do patrim\u00f4nio da regi\u00e3o.\u00a0\" \/>\n<meta property=\"og:url\" content=\"https:\/\/www.portocentral.com.br\/en\/blog\/escolas-e-comunidades-quilombolas-participam-de-palestras-sobre-educacao-patrimonial\/\" \/>\n<meta property=\"og:site_name\" content=\"Porto Central\" \/>\n<meta property=\"article:published_time\" content=\"2025-04-10T19:44:47+00:00\" \/>\n<meta property=\"article:modified_time\" content=\"2025-04-10T19:51:16+00:00\" \/>\n<meta property=\"og:image\" content=\"https:\/\/www.portocentral.com.br\/wp-content\/uploads\/2025\/04\/IMG_3683-scaled.jpg\" \/>\n\t<meta property=\"og:image:width\" content=\"2560\" \/>\n\t<meta property=\"og:image:height\" content=\"1707\" \/>\n\t<meta property=\"og:image:type\" content=\"image\/jpeg\" \/>\n<meta name=\"author\" content=\"Dani Klein\" \/>\n<meta name=\"twitter:card\" content=\"summary_large_image\" \/>\n<meta name=\"twitter:label1\" content=\"Written by\" \/>\n\t<meta name=\"twitter:data1\" content=\"Dani Klein\" \/>\n\t<meta name=\"twitter:label2\" content=\"Est. reading time\" \/>\n\t<meta name=\"twitter:data2\" content=\"3 minutes\" \/>\n<script type=\"application\/ld+json\" class=\"yoast-schema-graph\">{\"@context\":\"https:\/\/schema.org\",\"@graph\":[{\"@type\":\"WebPage\",\"@id\":\"https:\/\/www.portocentral.com.br\/blog\/escolas-e-comunidades-quilombolas-participam-de-palestras-sobre-educacao-patrimonial\/\",\"url\":\"https:\/\/www.portocentral.com.br\/blog\/escolas-e-comunidades-quilombolas-participam-de-palestras-sobre-educacao-patrimonial\/\",\"name\":\"Escolas e comunidades quilombolas participam de palestras sobre educa\u00e7\u00e3o patrimonial - Porto Central\",\"isPartOf\":{\"@id\":\"https:\/\/www.portocentral.com.br\/#website\"},\"primaryImageOfPage\":{\"@id\":\"https:\/\/www.portocentral.com.br\/blog\/escolas-e-comunidades-quilombolas-participam-de-palestras-sobre-educacao-patrimonial\/#primaryimage\"},\"image\":{\"@id\":\"https:\/\/www.portocentral.com.br\/blog\/escolas-e-comunidades-quilombolas-participam-de-palestras-sobre-educacao-patrimonial\/#primaryimage\"},\"thumbnailUrl\":\"https:\/\/www.portocentral.com.br\/wp-content\/uploads\/2025\/04\/IMG_3683-scaled.jpg\",\"datePublished\":\"2025-04-10T19:44:47+00:00\",\"dateModified\":\"2025-04-10T19:51:16+00:00\",\"author\":{\"@id\":\"https:\/\/www.portocentral.com.br\/#\/schema\/person\/9c74e456aa9f17c1556873d18fe8352d\"},\"description\":\"O programa busca disseminar o conhecimento hist\u00f3rico, o fortalecimento da identidade cultural e a valoriza\u00e7\u00e3o do patrim\u00f4nio da regi\u00e3o.\u00a0\",\"breadcrumb\":{\"@id\":\"https:\/\/www.portocentral.com.br\/blog\/escolas-e-comunidades-quilombolas-participam-de-palestras-sobre-educacao-patrimonial\/#breadcrumb\"},\"inLanguage\":\"en-US\",\"potentialAction\":[{\"@type\":\"ReadAction\",\"target\":[\"https:\/\/www.portocentral.com.br\/blog\/escolas-e-comunidades-quilombolas-participam-de-palestras-sobre-educacao-patrimonial\/\"]}]},{\"@type\":\"ImageObject\",\"inLanguage\":\"en-US\",\"@id\":\"https:\/\/www.portocentral.com.br\/blog\/escolas-e-comunidades-quilombolas-participam-de-palestras-sobre-educacao-patrimonial\/#primaryimage\",\"url\":\"https:\/\/www.portocentral.com.br\/wp-content\/uploads\/2025\/04\/IMG_3683-scaled.jpg\",\"contentUrl\":\"https:\/\/www.portocentral.com.br\/wp-content\/uploads\/2025\/04\/IMG_3683-scaled.jpg\",\"width\":2560,\"height\":1707},{\"@type\":\"BreadcrumbList\",\"@id\":\"https:\/\/www.portocentral.com.br\/blog\/escolas-e-comunidades-quilombolas-participam-de-palestras-sobre-educacao-patrimonial\/#breadcrumb\",\"itemListElement\":[{\"@type\":\"ListItem\",\"position\":1,\"name\":\"In\u00edcio\",\"item\":\"https:\/\/www.portocentral.com.br\/\"},{\"@type\":\"ListItem\",\"position\":2,\"name\":\"Escolas e comunidades quilombolas participam de palestras sobre educa\u00e7\u00e3o patrimonial\"}]},{\"@type\":\"WebSite\",\"@id\":\"https:\/\/www.portocentral.com.br\/#website\",\"url\":\"https:\/\/www.portocentral.com.br\/\",\"name\":\"Porto Central\",\"description\":\"uma inovadora solu\u00e7\u00e3o log\u00edstica\",\"potentialAction\":[{\"@type\":\"SearchAction\",\"target\":{\"@type\":\"EntryPoint\",\"urlTemplate\":\"https:\/\/www.portocentral.com.br\/?s={search_term_string}\"},\"query-input\":\"required name=search_term_string\"}],\"inLanguage\":\"en-US\"},{\"@type\":\"Person\",\"@id\":\"https:\/\/www.portocentral.com.br\/#\/schema\/person\/9c74e456aa9f17c1556873d18fe8352d\",\"name\":\"Dani Klein\",\"image\":{\"@type\":\"ImageObject\",\"inLanguage\":\"en-US\",\"@id\":\"https:\/\/www.portocentral.com.br\/#\/schema\/person\/image\/\",\"url\":\"https:\/\/secure.gravatar.com\/avatar\/2e16ed30a1d1abdde42add3583a961aa?s=96&d=mm&r=g\",\"contentUrl\":\"https:\/\/secure.gravatar.com\/avatar\/2e16ed30a1d1abdde42add3583a961aa?s=96&d=mm&r=g\",\"caption\":\"Dani Klein\"},\"sameAs\":[\"http:\/\/kickgroup.com.br\"],\"url\":\"https:\/\/www.portocentral.com.br\/en\/blog\/author\/dani-klein\/\"}]}<\/script>\n<!-- \/ Yoast SEO plugin. -->","yoast_head_json":{"title":"Escolas e comunidades quilombolas participam de palestras sobre educa\u00e7\u00e3o patrimonial - Porto Central","description":"O programa busca disseminar o conhecimento hist\u00f3rico, o fortalecimento da identidade cultural e a valoriza\u00e7\u00e3o do patrim\u00f4nio da regi\u00e3o.\u00a0","robots":{"index":"index","follow":"follow","max-snippet":"max-snippet:-1","max-image-preview":"max-image-preview:large","max-video-preview":"max-video-preview:-1"},"canonical":"https:\/\/www.portocentral.com.br\/en\/blog\/escolas-e-comunidades-quilombolas-participam-de-palestras-sobre-educacao-patrimonial\/","og_locale":"en_US","og_type":"article","og_title":"Escolas e comunidades quilombolas participam de palestras sobre educa\u00e7\u00e3o patrimonial - Porto Central","og_description":"O programa busca disseminar o conhecimento hist\u00f3rico, o fortalecimento da identidade cultural e a valoriza\u00e7\u00e3o do patrim\u00f4nio da regi\u00e3o.\u00a0","og_url":"https:\/\/www.portocentral.com.br\/en\/blog\/escolas-e-comunidades-quilombolas-participam-de-palestras-sobre-educacao-patrimonial\/","og_site_name":"Porto Central","article_published_time":"2025-04-10T19:44:47+00:00","article_modified_time":"2025-04-10T19:51:16+00:00","og_image":[{"width":2560,"height":1707,"url":"https:\/\/www.portocentral.com.br\/wp-content\/uploads\/2025\/04\/IMG_3683-scaled.jpg","type":"image\/jpeg"}],"author":"Dani Klein","twitter_card":"summary_large_image","twitter_misc":{"Written by":"Dani Klein","Est. reading time":"3 minutes"},"schema":{"@context":"https:\/\/schema.org","@graph":[{"@type":"WebPage","@id":"https:\/\/www.portocentral.com.br\/blog\/escolas-e-comunidades-quilombolas-participam-de-palestras-sobre-educacao-patrimonial\/","url":"https:\/\/www.portocentral.com.br\/blog\/escolas-e-comunidades-quilombolas-participam-de-palestras-sobre-educacao-patrimonial\/","name":"Escolas e comunidades quilombolas participam de palestras sobre educa\u00e7\u00e3o patrimonial - Porto Central","isPartOf":{"@id":"https:\/\/www.portocentral.com.br\/#website"},"primaryImageOfPage":{"@id":"https:\/\/www.portocentral.com.br\/blog\/escolas-e-comunidades-quilombolas-participam-de-palestras-sobre-educacao-patrimonial\/#primaryimage"},"image":{"@id":"https:\/\/www.portocentral.com.br\/blog\/escolas-e-comunidades-quilombolas-participam-de-palestras-sobre-educacao-patrimonial\/#primaryimage"},"thumbnailUrl":"https:\/\/www.portocentral.com.br\/wp-content\/uploads\/2025\/04\/IMG_3683-scaled.jpg","datePublished":"2025-04-10T19:44:47+00:00","dateModified":"2025-04-10T19:51:16+00:00","author":{"@id":"https:\/\/www.portocentral.com.br\/#\/schema\/person\/9c74e456aa9f17c1556873d18fe8352d"},"description":"O programa busca disseminar o conhecimento hist\u00f3rico, o fortalecimento da identidade cultural e a valoriza\u00e7\u00e3o do patrim\u00f4nio da regi\u00e3o.\u00a0","breadcrumb":{"@id":"https:\/\/www.portocentral.com.br\/blog\/escolas-e-comunidades-quilombolas-participam-de-palestras-sobre-educacao-patrimonial\/#breadcrumb"},"inLanguage":"en-US","potentialAction":[{"@type":"ReadAction","target":["https:\/\/www.portocentral.com.br\/blog\/escolas-e-comunidades-quilombolas-participam-de-palestras-sobre-educacao-patrimonial\/"]}]},{"@type":"ImageObject","inLanguage":"en-US","@id":"https:\/\/www.portocentral.com.br\/blog\/escolas-e-comunidades-quilombolas-participam-de-palestras-sobre-educacao-patrimonial\/#primaryimage","url":"https:\/\/www.portocentral.com.br\/wp-content\/uploads\/2025\/04\/IMG_3683-scaled.jpg","contentUrl":"https:\/\/www.portocentral.com.br\/wp-content\/uploads\/2025\/04\/IMG_3683-scaled.jpg","width":2560,"height":1707},{"@type":"BreadcrumbList","@id":"https:\/\/www.portocentral.com.br\/blog\/escolas-e-comunidades-quilombolas-participam-de-palestras-sobre-educacao-patrimonial\/#breadcrumb","itemListElement":[{"@type":"ListItem","position":1,"name":"In\u00edcio","item":"https:\/\/www.portocentral.com.br\/"},{"@type":"ListItem","position":2,"name":"Escolas e comunidades quilombolas participam de palestras sobre educa\u00e7\u00e3o patrimonial"}]},{"@type":"WebSite","@id":"https:\/\/www.portocentral.com.br\/#website","url":"https:\/\/www.portocentral.com.br\/","name":"Porto Central","description":"uma inovadora solu\u00e7\u00e3o log\u00edstica","potentialAction":[{"@type":"SearchAction","target":{"@type":"EntryPoint","urlTemplate":"https:\/\/www.portocentral.com.br\/?s={search_term_string}"},"query-input":"required name=search_term_string"}],"inLanguage":"en-US"},{"@type":"Person","@id":"https:\/\/www.portocentral.com.br\/#\/schema\/person\/9c74e456aa9f17c1556873d18fe8352d","name":"Dani Klein","image":{"@type":"ImageObject","inLanguage":"en-US","@id":"https:\/\/www.portocentral.com.br\/#\/schema\/person\/image\/","url":"https:\/\/secure.gravatar.com\/avatar\/2e16ed30a1d1abdde42add3583a961aa?s=96&d=mm&r=g","contentUrl":"https:\/\/secure.gravatar.com\/avatar\/2e16ed30a1d1abdde42add3583a961aa?s=96&d=mm&r=g","caption":"Dani Klein"},"sameAs":["http:\/\/kickgroup.com.br"],"url":"https:\/\/www.portocentral.com.br\/en\/blog\/author\/dani-klein\/"}]}},"_links":{"self":[{"href":"https:\/\/www.portocentral.com.br\/en\/wp-json\/wp\/v2\/posts\/12540"}],"collection":[{"href":"https:\/\/www.portocentral.com.br\/en\/wp-json\/wp\/v2\/posts"}],"about":[{"href":"https:\/\/www.portocentral.com.br\/en\/wp-json\/wp\/v2\/types\/post"}],"author":[{"embeddable":true,"href":"https:\/\/www.portocentral.com.br\/en\/wp-json\/wp\/v2\/users\/2"}],"replies":[{"embeddable":true,"href":"https:\/\/www.portocentral.com.br\/en\/wp-json\/wp\/v2\/comments?post=12540"}],"version-history":[{"count":3,"href":"https:\/\/www.portocentral.com.br\/en\/wp-json\/wp\/v2\/posts\/12540\/revisions"}],"predecessor-version":[{"id":12548,"href":"https:\/\/www.portocentral.com.br\/en\/wp-json\/wp\/v2\/posts\/12540\/revisions\/12548"}],"wp:featuredmedia":[{"embeddable":true,"href":"https:\/\/www.portocentral.com.br\/en\/wp-json\/wp\/v2\/media\/12543"}],"wp:attachment":[{"href":"https:\/\/www.portocentral.com.br\/en\/wp-json\/wp\/v2\/media?parent=12540"}],"wp:term":[{"taxonomy":"category","embeddable":true,"href":"https:\/\/www.portocentral.com.br\/en\/wp-json\/wp\/v2\/categories?post=12540"},{"taxonomy":"post_tag","embeddable":true,"href":"https:\/\/www.portocentral.com.br\/en\/wp-json\/wp\/v2\/tags?post=12540"}],"curies":[{"name":"wp","href":"https:\/\/api.w.org\/{rel}","templated":true}]}}