{"id":12749,"date":"2025-10-02T10:23:44","date_gmt":"2025-10-02T13:23:44","guid":{"rendered":"https:\/\/www.portocentral.com.br\/?p=12749"},"modified":"2026-02-04T10:52:09","modified_gmt":"2026-02-04T13:52:09","slug":"porto-central-participa-da-1a-feira-qualifica-sao-francisco","status":"publish","type":"post","link":"https:\/\/www.portocentral.com.br\/en\/blog\/porto-central-participa-da-1a-feira-qualifica-sao-francisco\/","title":{"rendered":"Porto Central participates in the 1st Qualifica S\u00e3o Francisco Fair"},"content":{"rendered":"<p><span style=\"font-weight: 400;\">This Wednesday (2), Porto Central is taking part in the 1st Qualifica S\u00e3o Francisco Fair, held at Pra\u00e7a dos Tr\u00eas Poderes, in front of the City Hall of S\u00e3o Francisco de Itabapoana (RJ).<\/span><\/p>\n<p><span style=\"font-weight: 400;\">With its own stand, the Porto Central team is available to answer questions, provide information about the project, and engage with the community, especially on opportunities for training and entry into the job market.<\/span><\/p>\n<p><span style=\"font-weight: 400;\">The event brings together a wide network of companies and institutions from different sectors \u2014 such as offshore, port, hospitality, and human resources \u2014 offering job opportunities, career relocation, and on-site recruitment processes.\u00a0<\/span><\/p>\n<p><span style=\"font-weight: 400;\">According to L\u00e9a Reis, Socioeconomic Coordinator at Porto Central, the main purpose of participating is to strengthen ties with the local population:<\/span><\/p>\n<p><i><span style=\"font-weight: 400;\">\u201cThe fair is an important space for exchanging information and building pathways for joint development. Being here means reinforcing our commitment to maintaining open dialogue with the community, listening to their demands, and sharing information transparently.\u201d<\/span><\/i><\/p>\n<p>&nbsp;<\/p>\n<p><img decoding=\"async\" loading=\"lazy\" class=\"aligncenter size-full wp-image-12751\" src=\"http:\/\/www.portocentral.com.br\/wp-content\/uploads\/2025\/10\/Imagem-do-WhatsApp-de-2025-10-02-as-08.47.56_fe4cf8e5-1.jpg\" alt=\"\" width=\"827\" height=\"963\" srcset=\"https:\/\/www.portocentral.com.br\/wp-content\/uploads\/2025\/10\/Imagem-do-WhatsApp-de-2025-10-02-as-08.47.56_fe4cf8e5-1.jpg 827w, https:\/\/www.portocentral.com.br\/wp-content\/uploads\/2025\/10\/Imagem-do-WhatsApp-de-2025-10-02-as-08.47.56_fe4cf8e5-1-768x894.jpg 768w, https:\/\/www.portocentral.com.br\/wp-content\/uploads\/2025\/10\/Imagem-do-WhatsApp-de-2025-10-02-as-08.47.56_fe4cf8e5-1-640x745.jpg 640w, https:\/\/www.portocentral.com.br\/wp-content\/uploads\/2025\/10\/Imagem-do-WhatsApp-de-2025-10-02-as-08.47.56_fe4cf8e5-1-400x466.jpg 400w, https:\/\/www.portocentral.com.br\/wp-content\/uploads\/2025\/10\/Imagem-do-WhatsApp-de-2025-10-02-as-08.47.56_fe4cf8e5-1-367x427.jpg 367w\" sizes=\"(max-width: 827px) 100vw, 827px\" \/><\/p>","protected":false},"excerpt":{"rendered":"<p>O Porto Central marca presen\u00e7a, nesta quarta-feira (2), na 1\u00aa Feira Qualifica S\u00e3o Francisco, realizada na Pra\u00e7a dos Tr\u00eas Poderes, em frente \u00e0 sede da Prefeitura Municipal de S\u00e3o Francisco de Itabapoana (RJ). Com estande pr\u00f3prio, a equipe do Porto Central est\u00e1 dispon\u00edvel para esclarecer d\u00favidas, apresentar informa\u00e7\u00f5es sobre o empreendimento e dialogar com a [&hellip;]<\/p>","protected":false},"author":2,"featured_media":12752,"comment_status":"open","ping_status":"open","sticky":false,"template":"","format":"standard","meta":{"footnotes":""},"categories":[63,59,3],"tags":[],"acf":[],"featured_image_src":{"landsacpe":["https:\/\/www.portocentral.com.br\/wp-content\/uploads\/2025\/10\/Imagem-do-WhatsApp-de-2025-10-02-as-09.38.40_f98c7fcd-1119x445.jpg",1119,445,true],"list":["https:\/\/www.portocentral.com.br\/wp-content\/uploads\/2025\/10\/Imagem-do-WhatsApp-de-2025-10-02-as-09.38.40_f98c7fcd-463x348.jpg",463,348,true],"medium":["https:\/\/www.portocentral.com.br\/wp-content\/uploads\/2025\/10\/Imagem-do-WhatsApp-de-2025-10-02-as-09.38.40_f98c7fcd-300x187.jpg",300,187,true],"full":["https:\/\/www.portocentral.com.br\/wp-content\/uploads\/2025\/10\/Imagem-do-WhatsApp-de-2025-10-02-as-09.38.40_f98c7fcd.jpg",1119,699,false]},"yoast_head":"<!-- This site is optimized with the Yoast SEO plugin v22.4 - https:\/\/yoast.com\/wordpress\/plugins\/seo\/ -->\n<title>Porto Central participa da 1\u00aa Feira Qualifica S\u00e3o Francisco - Porto Central<\/title>\n<meta name=\"robots\" content=\"index, follow, max-snippet:-1, max-image-preview:large, max-video-preview:-1\" \/>\n<link rel=\"canonical\" href=\"https:\/\/www.portocentral.com.br\/en\/blog\/porto-central-participa-da-1a-feira-qualifica-sao-francisco\/\" \/>\n<meta property=\"og:locale\" content=\"en_US\" \/>\n<meta property=\"og:type\" content=\"article\" \/>\n<meta property=\"og:title\" content=\"Porto Central participa da 1\u00aa Feira Qualifica S\u00e3o Francisco - Porto Central\" \/>\n<meta property=\"og:description\" content=\"O Porto Central marca presen\u00e7a, nesta quarta-feira (2), na 1\u00aa Feira Qualifica S\u00e3o Francisco, realizada na Pra\u00e7a dos Tr\u00eas Poderes, em frente \u00e0 sede da Prefeitura Municipal de S\u00e3o Francisco de Itabapoana (RJ). Com estande pr\u00f3prio, a equipe do Porto Central est\u00e1 dispon\u00edvel para esclarecer d\u00favidas, apresentar informa\u00e7\u00f5es sobre o empreendimento e dialogar com a [&hellip;]\" \/>\n<meta property=\"og:url\" content=\"https:\/\/www.portocentral.com.br\/en\/blog\/porto-central-participa-da-1a-feira-qualifica-sao-francisco\/\" \/>\n<meta property=\"og:site_name\" content=\"Porto Central\" \/>\n<meta property=\"article:published_time\" content=\"2025-10-02T13:23:44+00:00\" \/>\n<meta property=\"article:modified_time\" content=\"2026-02-04T13:52:09+00:00\" \/>\n<meta property=\"og:image\" content=\"http:\/\/www.portocentral.com.br\/wp-content\/uploads\/2025\/10\/Imagem-do-WhatsApp-de-2025-10-02-as-09.38.40_f98c7fcd.jpg\" \/>\n\t<meta property=\"og:image:width\" content=\"1119\" \/>\n\t<meta property=\"og:image:height\" content=\"699\" \/>\n\t<meta property=\"og:image:type\" content=\"image\/jpeg\" \/>\n<meta name=\"author\" content=\"Dani Klein\" \/>\n<meta name=\"twitter:card\" content=\"summary_large_image\" \/>\n<meta name=\"twitter:label1\" content=\"Written by\" \/>\n\t<meta name=\"twitter:data1\" content=\"Dani Klein\" \/>\n\t<meta name=\"twitter:label2\" content=\"Est. reading time\" \/>\n\t<meta name=\"twitter:data2\" content=\"2 minutes\" \/>\n<script type=\"application\/ld+json\" class=\"yoast-schema-graph\">{\"@context\":\"https:\/\/schema.org\",\"@graph\":[{\"@type\":\"WebPage\",\"@id\":\"https:\/\/www.portocentral.com.br\/blog\/porto-central-participa-da-1a-feira-qualifica-sao-francisco\/\",\"url\":\"https:\/\/www.portocentral.com.br\/blog\/porto-central-participa-da-1a-feira-qualifica-sao-francisco\/\",\"name\":\"Porto Central participa da 1\u00aa Feira Qualifica S\u00e3o Francisco - Porto Central\",\"isPartOf\":{\"@id\":\"https:\/\/www.portocentral.com.br\/#website\"},\"primaryImageOfPage\":{\"@id\":\"https:\/\/www.portocentral.com.br\/blog\/porto-central-participa-da-1a-feira-qualifica-sao-francisco\/#primaryimage\"},\"image\":{\"@id\":\"https:\/\/www.portocentral.com.br\/blog\/porto-central-participa-da-1a-feira-qualifica-sao-francisco\/#primaryimage\"},\"thumbnailUrl\":\"https:\/\/www.portocentral.com.br\/wp-content\/uploads\/2025\/10\/Imagem-do-WhatsApp-de-2025-10-02-as-09.38.40_f98c7fcd.jpg\",\"datePublished\":\"2025-10-02T13:23:44+00:00\",\"dateModified\":\"2026-02-04T13:52:09+00:00\",\"author\":{\"@id\":\"https:\/\/www.portocentral.com.br\/#\/schema\/person\/9c74e456aa9f17c1556873d18fe8352d\"},\"breadcrumb\":{\"@id\":\"https:\/\/www.portocentral.com.br\/blog\/porto-central-participa-da-1a-feira-qualifica-sao-francisco\/#breadcrumb\"},\"inLanguage\":\"en-US\",\"potentialAction\":[{\"@type\":\"ReadAction\",\"target\":[\"https:\/\/www.portocentral.com.br\/blog\/porto-central-participa-da-1a-feira-qualifica-sao-francisco\/\"]}]},{\"@type\":\"ImageObject\",\"inLanguage\":\"en-US\",\"@id\":\"https:\/\/www.portocentral.com.br\/blog\/porto-central-participa-da-1a-feira-qualifica-sao-francisco\/#primaryimage\",\"url\":\"https:\/\/www.portocentral.com.br\/wp-content\/uploads\/2025\/10\/Imagem-do-WhatsApp-de-2025-10-02-as-09.38.40_f98c7fcd.jpg\",\"contentUrl\":\"https:\/\/www.portocentral.com.br\/wp-content\/uploads\/2025\/10\/Imagem-do-WhatsApp-de-2025-10-02-as-09.38.40_f98c7fcd.jpg\",\"width\":1119,\"height\":699},{\"@type\":\"BreadcrumbList\",\"@id\":\"https:\/\/www.portocentral.com.br\/blog\/porto-central-participa-da-1a-feira-qualifica-sao-francisco\/#breadcrumb\",\"itemListElement\":[{\"@type\":\"ListItem\",\"position\":1,\"name\":\"In\u00edcio\",\"item\":\"https:\/\/www.portocentral.com.br\/\"},{\"@type\":\"ListItem\",\"position\":2,\"name\":\"Porto Central participa da 1\u00aa Feira Qualifica S\u00e3o Francisco\"}]},{\"@type\":\"WebSite\",\"@id\":\"https:\/\/www.portocentral.com.br\/#website\",\"url\":\"https:\/\/www.portocentral.com.br\/\",\"name\":\"Porto Central\",\"description\":\"uma inovadora solu\u00e7\u00e3o log\u00edstica\",\"potentialAction\":[{\"@type\":\"SearchAction\",\"target\":{\"@type\":\"EntryPoint\",\"urlTemplate\":\"https:\/\/www.portocentral.com.br\/?s={search_term_string}\"},\"query-input\":\"required name=search_term_string\"}],\"inLanguage\":\"en-US\"},{\"@type\":\"Person\",\"@id\":\"https:\/\/www.portocentral.com.br\/#\/schema\/person\/9c74e456aa9f17c1556873d18fe8352d\",\"name\":\"Dani Klein\",\"image\":{\"@type\":\"ImageObject\",\"inLanguage\":\"en-US\",\"@id\":\"https:\/\/www.portocentral.com.br\/#\/schema\/person\/image\/\",\"url\":\"https:\/\/secure.gravatar.com\/avatar\/2e16ed30a1d1abdde42add3583a961aa?s=96&d=mm&r=g\",\"contentUrl\":\"https:\/\/secure.gravatar.com\/avatar\/2e16ed30a1d1abdde42add3583a961aa?s=96&d=mm&r=g\",\"caption\":\"Dani Klein\"},\"sameAs\":[\"http:\/\/kickgroup.com.br\"],\"url\":\"https:\/\/www.portocentral.com.br\/en\/blog\/author\/dani-klein\/\"}]}<\/script>\n<!-- \/ Yoast SEO plugin. -->","yoast_head_json":{"title":"Porto Central participa da 1\u00aa Feira Qualifica S\u00e3o Francisco - Porto Central","robots":{"index":"index","follow":"follow","max-snippet":"max-snippet:-1","max-image-preview":"max-image-preview:large","max-video-preview":"max-video-preview:-1"},"canonical":"https:\/\/www.portocentral.com.br\/en\/blog\/porto-central-participa-da-1a-feira-qualifica-sao-francisco\/","og_locale":"en_US","og_type":"article","og_title":"Porto Central participa da 1\u00aa Feira Qualifica S\u00e3o Francisco - Porto Central","og_description":"O Porto Central marca presen\u00e7a, nesta quarta-feira (2), na 1\u00aa Feira Qualifica S\u00e3o Francisco, realizada na Pra\u00e7a dos Tr\u00eas Poderes, em frente \u00e0 sede da Prefeitura Municipal de S\u00e3o Francisco de Itabapoana (RJ). Com estande pr\u00f3prio, a equipe do Porto Central est\u00e1 dispon\u00edvel para esclarecer d\u00favidas, apresentar informa\u00e7\u00f5es sobre o empreendimento e dialogar com a [&hellip;]","og_url":"https:\/\/www.portocentral.com.br\/en\/blog\/porto-central-participa-da-1a-feira-qualifica-sao-francisco\/","og_site_name":"Porto Central","article_published_time":"2025-10-02T13:23:44+00:00","article_modified_time":"2026-02-04T13:52:09+00:00","og_image":[{"width":1119,"height":699,"url":"http:\/\/www.portocentral.com.br\/wp-content\/uploads\/2025\/10\/Imagem-do-WhatsApp-de-2025-10-02-as-09.38.40_f98c7fcd.jpg","type":"image\/jpeg"}],"author":"Dani Klein","twitter_card":"summary_large_image","twitter_misc":{"Written by":"Dani Klein","Est. reading time":"2 minutes"},"schema":{"@context":"https:\/\/schema.org","@graph":[{"@type":"WebPage","@id":"https:\/\/www.portocentral.com.br\/blog\/porto-central-participa-da-1a-feira-qualifica-sao-francisco\/","url":"https:\/\/www.portocentral.com.br\/blog\/porto-central-participa-da-1a-feira-qualifica-sao-francisco\/","name":"Porto Central participa da 1\u00aa Feira Qualifica S\u00e3o Francisco - Porto Central","isPartOf":{"@id":"https:\/\/www.portocentral.com.br\/#website"},"primaryImageOfPage":{"@id":"https:\/\/www.portocentral.com.br\/blog\/porto-central-participa-da-1a-feira-qualifica-sao-francisco\/#primaryimage"},"image":{"@id":"https:\/\/www.portocentral.com.br\/blog\/porto-central-participa-da-1a-feira-qualifica-sao-francisco\/#primaryimage"},"thumbnailUrl":"https:\/\/www.portocentral.com.br\/wp-content\/uploads\/2025\/10\/Imagem-do-WhatsApp-de-2025-10-02-as-09.38.40_f98c7fcd.jpg","datePublished":"2025-10-02T13:23:44+00:00","dateModified":"2026-02-04T13:52:09+00:00","author":{"@id":"https:\/\/www.portocentral.com.br\/#\/schema\/person\/9c74e456aa9f17c1556873d18fe8352d"},"breadcrumb":{"@id":"https:\/\/www.portocentral.com.br\/blog\/porto-central-participa-da-1a-feira-qualifica-sao-francisco\/#breadcrumb"},"inLanguage":"en-US","potentialAction":[{"@type":"ReadAction","target":["https:\/\/www.portocentral.com.br\/blog\/porto-central-participa-da-1a-feira-qualifica-sao-francisco\/"]}]},{"@type":"ImageObject","inLanguage":"en-US","@id":"https:\/\/www.portocentral.com.br\/blog\/porto-central-participa-da-1a-feira-qualifica-sao-francisco\/#primaryimage","url":"https:\/\/www.portocentral.com.br\/wp-content\/uploads\/2025\/10\/Imagem-do-WhatsApp-de-2025-10-02-as-09.38.40_f98c7fcd.jpg","contentUrl":"https:\/\/www.portocentral.com.br\/wp-content\/uploads\/2025\/10\/Imagem-do-WhatsApp-de-2025-10-02-as-09.38.40_f98c7fcd.jpg","width":1119,"height":699},{"@type":"BreadcrumbList","@id":"https:\/\/www.portocentral.com.br\/blog\/porto-central-participa-da-1a-feira-qualifica-sao-francisco\/#breadcrumb","itemListElement":[{"@type":"ListItem","position":1,"name":"In\u00edcio","item":"https:\/\/www.portocentral.com.br\/"},{"@type":"ListItem","position":2,"name":"Porto Central participa da 1\u00aa Feira Qualifica S\u00e3o Francisco"}]},{"@type":"WebSite","@id":"https:\/\/www.portocentral.com.br\/#website","url":"https:\/\/www.portocentral.com.br\/","name":"Porto Central","description":"uma inovadora solu\u00e7\u00e3o log\u00edstica","potentialAction":[{"@type":"SearchAction","target":{"@type":"EntryPoint","urlTemplate":"https:\/\/www.portocentral.com.br\/?s={search_term_string}"},"query-input":"required name=search_term_string"}],"inLanguage":"en-US"},{"@type":"Person","@id":"https:\/\/www.portocentral.com.br\/#\/schema\/person\/9c74e456aa9f17c1556873d18fe8352d","name":"Dani Klein","image":{"@type":"ImageObject","inLanguage":"en-US","@id":"https:\/\/www.portocentral.com.br\/#\/schema\/person\/image\/","url":"https:\/\/secure.gravatar.com\/avatar\/2e16ed30a1d1abdde42add3583a961aa?s=96&d=mm&r=g","contentUrl":"https:\/\/secure.gravatar.com\/avatar\/2e16ed30a1d1abdde42add3583a961aa?s=96&d=mm&r=g","caption":"Dani Klein"},"sameAs":["http:\/\/kickgroup.com.br"],"url":"https:\/\/www.portocentral.com.br\/en\/blog\/author\/dani-klein\/"}]}},"_links":{"self":[{"href":"https:\/\/www.portocentral.com.br\/en\/wp-json\/wp\/v2\/posts\/12749"}],"collection":[{"href":"https:\/\/www.portocentral.com.br\/en\/wp-json\/wp\/v2\/posts"}],"about":[{"href":"https:\/\/www.portocentral.com.br\/en\/wp-json\/wp\/v2\/types\/post"}],"author":[{"embeddable":true,"href":"https:\/\/www.portocentral.com.br\/en\/wp-json\/wp\/v2\/users\/2"}],"replies":[{"embeddable":true,"href":"https:\/\/www.portocentral.com.br\/en\/wp-json\/wp\/v2\/comments?post=12749"}],"version-history":[{"count":1,"href":"https:\/\/www.portocentral.com.br\/en\/wp-json\/wp\/v2\/posts\/12749\/revisions"}],"predecessor-version":[{"id":12753,"href":"https:\/\/www.portocentral.com.br\/en\/wp-json\/wp\/v2\/posts\/12749\/revisions\/12753"}],"wp:featuredmedia":[{"embeddable":true,"href":"https:\/\/www.portocentral.com.br\/en\/wp-json\/wp\/v2\/media\/12752"}],"wp:attachment":[{"href":"https:\/\/www.portocentral.com.br\/en\/wp-json\/wp\/v2\/media?parent=12749"}],"wp:term":[{"taxonomy":"category","embeddable":true,"href":"https:\/\/www.portocentral.com.br\/en\/wp-json\/wp\/v2\/categories?post=12749"},{"taxonomy":"post_tag","embeddable":true,"href":"https:\/\/www.portocentral.com.br\/en\/wp-json\/wp\/v2\/tags?post=12749"}],"curies":[{"name":"wp","href":"https:\/\/api.w.org\/{rel}","templated":true}]}}