{"id":12965,"date":"2025-11-12T13:16:11","date_gmt":"2025-11-12T16:16:11","guid":{"rendered":"https:\/\/www.portocentral.com.br\/?p=12965"},"modified":"2025-11-12T13:16:11","modified_gmt":"2025-11-12T16:16:11","slug":"porto-central-realiza-semana-interna-de-prevencao-de-acidentes-do-trabalho-sipat","status":"publish","type":"post","link":"https:\/\/www.portocentral.com.br\/en\/blog\/porto-central-realiza-semana-interna-de-prevencao-de-acidentes-do-trabalho-sipat\/","title":{"rendered":"Porto Central Holds Internal Week for the Prevention of Workplace Accidents"},"content":{"rendered":"<p><i><span style=\"font-weight: 400;\">Activity reinforced the importance of safety and health in the workplace.<\/span><\/i><\/p>\n<p><span style=\"font-weight: 400;\">Porto Central held an Internal Week for the Prevention of Workplace Accidents (known in Brazil as SIPAT), dedicated to professionals involved in the construction and operations of the project. The initiative aimed to strengthen the culture of safety, prevention, and well-being in the workplace.<\/span><\/p>\n<p><span style=\"font-weight: 400;\">Throughout the week, participants took part in educational lectures, interactive activities, and a quiz that tested and expanded their knowledge on the proper use of Personal Protective Equipment (PPE), accident prevention, ergonomics, and best safety practices.<\/span><\/p>\n<p><span style=\"font-weight: 400;\">The program contributed to strengthening team integration, encouraging the exchange of experiences and collective engagement.<\/span><\/p>\n<p><span style=\"font-weight: 400;\">The active participation of workers reinforces Porto Central\u2019s commitment to safety, health, and the development of an increasingly responsible and collaborative work environment.<\/span><\/p>\n<h4><b>What is SIPAT?<\/b><\/h4>\n<p><span style=\"font-weight: 400;\">SIPAT is an annual initiative organized by Internal Commissions for Accident Prevention (CIPA), focused on raising workers\u2019 awareness about physical and mental health, safety, and collective responsibility in daily work routines.<\/span><\/p>","protected":false},"excerpt":{"rendered":"<p>Atividade refor\u00e7ou a import\u00e2ncia da seguran\u00e7a e da sa\u00fade no ambiente de trabalho. O Porto Central promoveu uma Semana Interna de Preven\u00e7\u00e3o de Acidentes do Trabalho (SIPAT), voltada aos profissionais que atuam nas obras e opera\u00e7\u00f5es do empreendimento. A iniciativa teve como objetivo refor\u00e7ar a cultura de seguran\u00e7a, preven\u00e7\u00e3o e bem-estar no ambiente de trabalho. [&hellip;]<\/p>","protected":false},"author":2,"featured_media":12966,"comment_status":"open","ping_status":"open","sticky":false,"template":"","format":"standard","meta":{"footnotes":""},"categories":[59,3,60],"tags":[],"acf":[],"featured_image_src":{"landsacpe":["https:\/\/www.portocentral.com.br\/wp-content\/uploads\/2025\/11\/IMG_4138-1140x445.jpg",1140,445,true],"list":["https:\/\/www.portocentral.com.br\/wp-content\/uploads\/2025\/11\/IMG_4138-463x348.jpg",463,348,true],"medium":["https:\/\/www.portocentral.com.br\/wp-content\/uploads\/2025\/11\/IMG_4138-300x202.jpg",300,202,true],"full":["https:\/\/www.portocentral.com.br\/wp-content\/uploads\/2025\/11\/IMG_4138-scaled.jpg",2560,1724,false]},"yoast_head":"<!-- This site is optimized with the Yoast SEO plugin v22.4 - https:\/\/yoast.com\/wordpress\/plugins\/seo\/ -->\n<title>Porto Central realiza Semana Interna de Preven\u00e7\u00e3o de Acidentes do Trabalho (SIPAT) - Porto Central<\/title>\n<meta name=\"robots\" content=\"index, follow, max-snippet:-1, max-image-preview:large, max-video-preview:-1\" \/>\n<link rel=\"canonical\" href=\"https:\/\/www.portocentral.com.br\/en\/blog\/porto-central-realiza-semana-interna-de-prevencao-de-acidentes-do-trabalho-sipat\/\" \/>\n<meta property=\"og:locale\" content=\"en_US\" \/>\n<meta property=\"og:type\" content=\"article\" \/>\n<meta property=\"og:title\" content=\"Porto Central realiza Semana Interna de Preven\u00e7\u00e3o de Acidentes do Trabalho (SIPAT) - Porto Central\" \/>\n<meta property=\"og:description\" content=\"Atividade refor\u00e7ou a import\u00e2ncia da seguran\u00e7a e da sa\u00fade no ambiente de trabalho. O Porto Central promoveu uma Semana Interna de Preven\u00e7\u00e3o de Acidentes do Trabalho (SIPAT), voltada aos profissionais que atuam nas obras e opera\u00e7\u00f5es do empreendimento. A iniciativa teve como objetivo refor\u00e7ar a cultura de seguran\u00e7a, preven\u00e7\u00e3o e bem-estar no ambiente de trabalho. [&hellip;]\" \/>\n<meta property=\"og:url\" content=\"https:\/\/www.portocentral.com.br\/en\/blog\/porto-central-realiza-semana-interna-de-prevencao-de-acidentes-do-trabalho-sipat\/\" \/>\n<meta property=\"og:site_name\" content=\"Porto Central\" \/>\n<meta property=\"article:published_time\" content=\"2025-11-12T16:16:11+00:00\" \/>\n<meta property=\"og:image\" content=\"https:\/\/www.portocentral.com.br\/wp-content\/uploads\/2025\/11\/IMG_4138-scaled.jpg\" \/>\n\t<meta property=\"og:image:width\" content=\"2560\" \/>\n\t<meta property=\"og:image:height\" content=\"1724\" \/>\n\t<meta property=\"og:image:type\" content=\"image\/jpeg\" \/>\n<meta name=\"author\" content=\"Dani Klein\" \/>\n<meta name=\"twitter:card\" content=\"summary_large_image\" \/>\n<meta name=\"twitter:label1\" content=\"Written by\" \/>\n\t<meta name=\"twitter:data1\" content=\"Dani Klein\" \/>\n\t<meta name=\"twitter:label2\" content=\"Est. reading time\" \/>\n\t<meta name=\"twitter:data2\" content=\"2 minutes\" \/>\n<script type=\"application\/ld+json\" class=\"yoast-schema-graph\">{\"@context\":\"https:\/\/schema.org\",\"@graph\":[{\"@type\":\"WebPage\",\"@id\":\"https:\/\/www.portocentral.com.br\/blog\/porto-central-realiza-semana-interna-de-prevencao-de-acidentes-do-trabalho-sipat\/\",\"url\":\"https:\/\/www.portocentral.com.br\/blog\/porto-central-realiza-semana-interna-de-prevencao-de-acidentes-do-trabalho-sipat\/\",\"name\":\"Porto Central realiza Semana Interna de Preven\u00e7\u00e3o de Acidentes do Trabalho (SIPAT) - Porto Central\",\"isPartOf\":{\"@id\":\"https:\/\/www.portocentral.com.br\/#website\"},\"primaryImageOfPage\":{\"@id\":\"https:\/\/www.portocentral.com.br\/blog\/porto-central-realiza-semana-interna-de-prevencao-de-acidentes-do-trabalho-sipat\/#primaryimage\"},\"image\":{\"@id\":\"https:\/\/www.portocentral.com.br\/blog\/porto-central-realiza-semana-interna-de-prevencao-de-acidentes-do-trabalho-sipat\/#primaryimage\"},\"thumbnailUrl\":\"https:\/\/www.portocentral.com.br\/wp-content\/uploads\/2025\/11\/IMG_4138-scaled.jpg\",\"datePublished\":\"2025-11-12T16:16:11+00:00\",\"dateModified\":\"2025-11-12T16:16:11+00:00\",\"author\":{\"@id\":\"https:\/\/www.portocentral.com.br\/#\/schema\/person\/9c74e456aa9f17c1556873d18fe8352d\"},\"breadcrumb\":{\"@id\":\"https:\/\/www.portocentral.com.br\/blog\/porto-central-realiza-semana-interna-de-prevencao-de-acidentes-do-trabalho-sipat\/#breadcrumb\"},\"inLanguage\":\"en-US\",\"potentialAction\":[{\"@type\":\"ReadAction\",\"target\":[\"https:\/\/www.portocentral.com.br\/blog\/porto-central-realiza-semana-interna-de-prevencao-de-acidentes-do-trabalho-sipat\/\"]}]},{\"@type\":\"ImageObject\",\"inLanguage\":\"en-US\",\"@id\":\"https:\/\/www.portocentral.com.br\/blog\/porto-central-realiza-semana-interna-de-prevencao-de-acidentes-do-trabalho-sipat\/#primaryimage\",\"url\":\"https:\/\/www.portocentral.com.br\/wp-content\/uploads\/2025\/11\/IMG_4138-scaled.jpg\",\"contentUrl\":\"https:\/\/www.portocentral.com.br\/wp-content\/uploads\/2025\/11\/IMG_4138-scaled.jpg\",\"width\":2560,\"height\":1724},{\"@type\":\"BreadcrumbList\",\"@id\":\"https:\/\/www.portocentral.com.br\/blog\/porto-central-realiza-semana-interna-de-prevencao-de-acidentes-do-trabalho-sipat\/#breadcrumb\",\"itemListElement\":[{\"@type\":\"ListItem\",\"position\":1,\"name\":\"In\u00edcio\",\"item\":\"https:\/\/www.portocentral.com.br\/\"},{\"@type\":\"ListItem\",\"position\":2,\"name\":\"Porto Central realiza Semana Interna de Preven\u00e7\u00e3o de Acidentes do Trabalho (SIPAT)\"}]},{\"@type\":\"WebSite\",\"@id\":\"https:\/\/www.portocentral.com.br\/#website\",\"url\":\"https:\/\/www.portocentral.com.br\/\",\"name\":\"Porto Central\",\"description\":\"uma inovadora solu\u00e7\u00e3o log\u00edstica\",\"potentialAction\":[{\"@type\":\"SearchAction\",\"target\":{\"@type\":\"EntryPoint\",\"urlTemplate\":\"https:\/\/www.portocentral.com.br\/?s={search_term_string}\"},\"query-input\":\"required name=search_term_string\"}],\"inLanguage\":\"en-US\"},{\"@type\":\"Person\",\"@id\":\"https:\/\/www.portocentral.com.br\/#\/schema\/person\/9c74e456aa9f17c1556873d18fe8352d\",\"name\":\"Dani Klein\",\"image\":{\"@type\":\"ImageObject\",\"inLanguage\":\"en-US\",\"@id\":\"https:\/\/www.portocentral.com.br\/#\/schema\/person\/image\/\",\"url\":\"https:\/\/secure.gravatar.com\/avatar\/2e16ed30a1d1abdde42add3583a961aa?s=96&d=mm&r=g\",\"contentUrl\":\"https:\/\/secure.gravatar.com\/avatar\/2e16ed30a1d1abdde42add3583a961aa?s=96&d=mm&r=g\",\"caption\":\"Dani Klein\"},\"sameAs\":[\"http:\/\/kickgroup.com.br\"],\"url\":\"https:\/\/www.portocentral.com.br\/en\/blog\/author\/dani-klein\/\"}]}<\/script>\n<!-- \/ Yoast SEO plugin. -->","yoast_head_json":{"title":"Porto Central realiza Semana Interna de Preven\u00e7\u00e3o de Acidentes do Trabalho (SIPAT) - Porto Central","robots":{"index":"index","follow":"follow","max-snippet":"max-snippet:-1","max-image-preview":"max-image-preview:large","max-video-preview":"max-video-preview:-1"},"canonical":"https:\/\/www.portocentral.com.br\/en\/blog\/porto-central-realiza-semana-interna-de-prevencao-de-acidentes-do-trabalho-sipat\/","og_locale":"en_US","og_type":"article","og_title":"Porto Central realiza Semana Interna de Preven\u00e7\u00e3o de Acidentes do Trabalho (SIPAT) - Porto Central","og_description":"Atividade refor\u00e7ou a import\u00e2ncia da seguran\u00e7a e da sa\u00fade no ambiente de trabalho. O Porto Central promoveu uma Semana Interna de Preven\u00e7\u00e3o de Acidentes do Trabalho (SIPAT), voltada aos profissionais que atuam nas obras e opera\u00e7\u00f5es do empreendimento. A iniciativa teve como objetivo refor\u00e7ar a cultura de seguran\u00e7a, preven\u00e7\u00e3o e bem-estar no ambiente de trabalho. [&hellip;]","og_url":"https:\/\/www.portocentral.com.br\/en\/blog\/porto-central-realiza-semana-interna-de-prevencao-de-acidentes-do-trabalho-sipat\/","og_site_name":"Porto Central","article_published_time":"2025-11-12T16:16:11+00:00","og_image":[{"width":2560,"height":1724,"url":"https:\/\/www.portocentral.com.br\/wp-content\/uploads\/2025\/11\/IMG_4138-scaled.jpg","type":"image\/jpeg"}],"author":"Dani Klein","twitter_card":"summary_large_image","twitter_misc":{"Written by":"Dani Klein","Est. reading time":"2 minutes"},"schema":{"@context":"https:\/\/schema.org","@graph":[{"@type":"WebPage","@id":"https:\/\/www.portocentral.com.br\/blog\/porto-central-realiza-semana-interna-de-prevencao-de-acidentes-do-trabalho-sipat\/","url":"https:\/\/www.portocentral.com.br\/blog\/porto-central-realiza-semana-interna-de-prevencao-de-acidentes-do-trabalho-sipat\/","name":"Porto Central realiza Semana Interna de Preven\u00e7\u00e3o de Acidentes do Trabalho (SIPAT) - Porto Central","isPartOf":{"@id":"https:\/\/www.portocentral.com.br\/#website"},"primaryImageOfPage":{"@id":"https:\/\/www.portocentral.com.br\/blog\/porto-central-realiza-semana-interna-de-prevencao-de-acidentes-do-trabalho-sipat\/#primaryimage"},"image":{"@id":"https:\/\/www.portocentral.com.br\/blog\/porto-central-realiza-semana-interna-de-prevencao-de-acidentes-do-trabalho-sipat\/#primaryimage"},"thumbnailUrl":"https:\/\/www.portocentral.com.br\/wp-content\/uploads\/2025\/11\/IMG_4138-scaled.jpg","datePublished":"2025-11-12T16:16:11+00:00","dateModified":"2025-11-12T16:16:11+00:00","author":{"@id":"https:\/\/www.portocentral.com.br\/#\/schema\/person\/9c74e456aa9f17c1556873d18fe8352d"},"breadcrumb":{"@id":"https:\/\/www.portocentral.com.br\/blog\/porto-central-realiza-semana-interna-de-prevencao-de-acidentes-do-trabalho-sipat\/#breadcrumb"},"inLanguage":"en-US","potentialAction":[{"@type":"ReadAction","target":["https:\/\/www.portocentral.com.br\/blog\/porto-central-realiza-semana-interna-de-prevencao-de-acidentes-do-trabalho-sipat\/"]}]},{"@type":"ImageObject","inLanguage":"en-US","@id":"https:\/\/www.portocentral.com.br\/blog\/porto-central-realiza-semana-interna-de-prevencao-de-acidentes-do-trabalho-sipat\/#primaryimage","url":"https:\/\/www.portocentral.com.br\/wp-content\/uploads\/2025\/11\/IMG_4138-scaled.jpg","contentUrl":"https:\/\/www.portocentral.com.br\/wp-content\/uploads\/2025\/11\/IMG_4138-scaled.jpg","width":2560,"height":1724},{"@type":"BreadcrumbList","@id":"https:\/\/www.portocentral.com.br\/blog\/porto-central-realiza-semana-interna-de-prevencao-de-acidentes-do-trabalho-sipat\/#breadcrumb","itemListElement":[{"@type":"ListItem","position":1,"name":"In\u00edcio","item":"https:\/\/www.portocentral.com.br\/"},{"@type":"ListItem","position":2,"name":"Porto Central realiza Semana Interna de Preven\u00e7\u00e3o de Acidentes do Trabalho (SIPAT)"}]},{"@type":"WebSite","@id":"https:\/\/www.portocentral.com.br\/#website","url":"https:\/\/www.portocentral.com.br\/","name":"Porto Central","description":"uma inovadora solu\u00e7\u00e3o log\u00edstica","potentialAction":[{"@type":"SearchAction","target":{"@type":"EntryPoint","urlTemplate":"https:\/\/www.portocentral.com.br\/?s={search_term_string}"},"query-input":"required name=search_term_string"}],"inLanguage":"en-US"},{"@type":"Person","@id":"https:\/\/www.portocentral.com.br\/#\/schema\/person\/9c74e456aa9f17c1556873d18fe8352d","name":"Dani Klein","image":{"@type":"ImageObject","inLanguage":"en-US","@id":"https:\/\/www.portocentral.com.br\/#\/schema\/person\/image\/","url":"https:\/\/secure.gravatar.com\/avatar\/2e16ed30a1d1abdde42add3583a961aa?s=96&d=mm&r=g","contentUrl":"https:\/\/secure.gravatar.com\/avatar\/2e16ed30a1d1abdde42add3583a961aa?s=96&d=mm&r=g","caption":"Dani Klein"},"sameAs":["http:\/\/kickgroup.com.br"],"url":"https:\/\/www.portocentral.com.br\/en\/blog\/author\/dani-klein\/"}]}},"_links":{"self":[{"href":"https:\/\/www.portocentral.com.br\/en\/wp-json\/wp\/v2\/posts\/12965"}],"collection":[{"href":"https:\/\/www.portocentral.com.br\/en\/wp-json\/wp\/v2\/posts"}],"about":[{"href":"https:\/\/www.portocentral.com.br\/en\/wp-json\/wp\/v2\/types\/post"}],"author":[{"embeddable":true,"href":"https:\/\/www.portocentral.com.br\/en\/wp-json\/wp\/v2\/users\/2"}],"replies":[{"embeddable":true,"href":"https:\/\/www.portocentral.com.br\/en\/wp-json\/wp\/v2\/comments?post=12965"}],"version-history":[{"count":1,"href":"https:\/\/www.portocentral.com.br\/en\/wp-json\/wp\/v2\/posts\/12965\/revisions"}],"predecessor-version":[{"id":12967,"href":"https:\/\/www.portocentral.com.br\/en\/wp-json\/wp\/v2\/posts\/12965\/revisions\/12967"}],"wp:featuredmedia":[{"embeddable":true,"href":"https:\/\/www.portocentral.com.br\/en\/wp-json\/wp\/v2\/media\/12966"}],"wp:attachment":[{"href":"https:\/\/www.portocentral.com.br\/en\/wp-json\/wp\/v2\/media?parent=12965"}],"wp:term":[{"taxonomy":"category","embeddable":true,"href":"https:\/\/www.portocentral.com.br\/en\/wp-json\/wp\/v2\/categories?post=12965"},{"taxonomy":"post_tag","embeddable":true,"href":"https:\/\/www.portocentral.com.br\/en\/wp-json\/wp\/v2\/tags?post=12965"}],"curies":[{"name":"wp","href":"https:\/\/api.w.org\/{rel}","templated":true}]}}