{"id":12969,"date":"2025-11-19T13:27:06","date_gmt":"2025-11-19T16:27:06","guid":{"rendered":"https:\/\/www.portocentral.com.br\/?p=12969"},"modified":"2025-11-19T13:28:47","modified_gmt":"2025-11-19T16:28:47","slug":"alunos-do-curso-do-porto-central-e-ifes-tem-dia-de-visita-tecnica-ao-porto","status":"publish","type":"post","link":"https:\/\/www.portocentral.com.br\/en\/blog\/alunos-do-curso-do-porto-central-e-ifes-tem-dia-de-visita-tecnica-ao-porto\/","title":{"rendered":"Students from the Porto Central and IFES course take part in a technical visit to the port"},"content":{"rendered":"<p><i><span style=\"font-weight: 400;\">Students visited key areas of the project and learned firsthand about socioenvironmental and infrastructure actions<\/span><\/i><\/p>\n<p><span style=\"font-weight: 400;\">Students enrolled in the course \u201cIntroduction to the Implementation of Basic Industries and Physical Infrastructure Construction\u201d, offered by Porto Central in partnership with IFES \u2013 Presidente Kennedy Campus, took part in a technical visit to the project site this Wednesday (19\/11). The activity was part of the course\u2019s closing program and allowed the students to see strategic areas of the project up close.<\/span><\/p>\n<p><span style=\"font-weight: 400;\">During the visit, the students learned about the socioenvironmental initiatives and areas that make up the Phase 1 actions of the project. The experience connected classroom learning with the reality of the port, deepening their understanding of the implementation stages and the professional opportunities that are beginning to emerge.<\/span><\/p>\n<p><img decoding=\"async\" loading=\"lazy\" class=\"aligncenter wp-image-12970\" src=\"http:\/\/www.portocentral.com.br\/wp-content\/uploads\/2025\/11\/visita-tecnica-1024x623.jpeg\" alt=\"\" width=\"830\" height=\"505\" srcset=\"https:\/\/www.portocentral.com.br\/wp-content\/uploads\/2025\/11\/visita-tecnica-768x468.jpeg 768w, https:\/\/www.portocentral.com.br\/wp-content\/uploads\/2025\/11\/visita-tecnica-640x390.jpeg 640w, https:\/\/www.portocentral.com.br\/wp-content\/uploads\/2025\/11\/visita-tecnica-400x244.jpeg 400w, https:\/\/www.portocentral.com.br\/wp-content\/uploads\/2025\/11\/visita-tecnica-367x223.jpeg 367w\" sizes=\"(max-width: 830px) 100vw, 830px\" \/><\/p>\n<h4><b>Training aligned with the future of the region<\/b><\/h4>\n<p><span style=\"font-weight: 400;\">This is the second edition of the course, this time directed at residents of Presidente Kennedy, Marata\u00edzes and S\u00e3o Francisco de Itabapoana\u2014municipalities that make up the project\u2019s direct socioeconomic influence area (AID). The initiative is part of Porto Central\u2019s professional training efforts aimed at achieving the goal of at least 70% local workforce in priority job positions.<\/span><\/p>\n<p><span style=\"font-weight: 400;\">For Porto Central, bringing the community closer to the project is essential for strengthening relationships and expanding future opportunities.<\/span><\/p>\n<p><i><span style=\"font-weight: 400;\">\u201cThe visit allows students to see the port up close, which strengthens connections, promotes transparency and shows that opportunities are truly taking shape. Initiatives like this open doors and can transform realities,\u201d <\/span><\/i><span style=\"font-weight: 400;\">says L\u00e9a Reis, Porto Central\u2019s Socioeconomics Coordinator.<\/span><span style=\"font-weight: 400;\"><br \/>\n<\/span><\/p>","protected":false},"excerpt":{"rendered":"<p>Estudantes visitaram \u00e1reas do empreendimento e conheceram de perto a\u00e7\u00f5es socioambientais e de infraestrutura Os alunos do curso \u201cIntrodu\u00e7\u00e3o \u00e0 Implanta\u00e7\u00e3o de Ind\u00fastrias de Base e Constru\u00e7\u00e3o de Infraestrutura F\u00edsica\u201d, oferecido pelo Porto Central em parceria com o IFES \u2013 Campus Presidente Kennedy, realizaram uma visita t\u00e9cnica ao empreendimento nesta quarta-feira (19\/11). A atividade fez [&hellip;]<\/p>","protected":false},"author":2,"featured_media":12971,"comment_status":"open","ping_status":"open","sticky":false,"template":"","format":"standard","meta":{"footnotes":""},"categories":[59,3,60],"tags":[],"acf":[],"featured_image_src":{"landsacpe":["https:\/\/www.portocentral.com.br\/wp-content\/uploads\/2025\/11\/visita-tecnica-2-1140x445.jpg",1140,445,true],"list":["https:\/\/www.portocentral.com.br\/wp-content\/uploads\/2025\/11\/visita-tecnica-2-463x348.jpg",463,348,true],"medium":["https:\/\/www.portocentral.com.br\/wp-content\/uploads\/2025\/11\/visita-tecnica-2-300x225.jpg",300,225,true],"full":["https:\/\/www.portocentral.com.br\/wp-content\/uploads\/2025\/11\/visita-tecnica-2-scaled.jpg",2560,1920,false]},"yoast_head":"<!-- This site is optimized with the Yoast SEO plugin v22.4 - https:\/\/yoast.com\/wordpress\/plugins\/seo\/ -->\n<title>Alunos do curso do Porto Central e IFES t\u00eam dia de visita t\u00e9cnica ao porto - Porto Central<\/title>\n<meta name=\"robots\" content=\"index, follow, max-snippet:-1, max-image-preview:large, max-video-preview:-1\" \/>\n<link rel=\"canonical\" href=\"https:\/\/www.portocentral.com.br\/en\/blog\/alunos-do-curso-do-porto-central-e-ifes-tem-dia-de-visita-tecnica-ao-porto\/\" \/>\n<meta property=\"og:locale\" content=\"en_US\" \/>\n<meta property=\"og:type\" content=\"article\" \/>\n<meta property=\"og:title\" content=\"Alunos do curso do Porto Central e IFES t\u00eam dia de visita t\u00e9cnica ao porto - Porto Central\" \/>\n<meta property=\"og:description\" content=\"Estudantes visitaram \u00e1reas do empreendimento e conheceram de perto a\u00e7\u00f5es socioambientais e de infraestrutura Os alunos do curso \u201cIntrodu\u00e7\u00e3o \u00e0 Implanta\u00e7\u00e3o de Ind\u00fastrias de Base e Constru\u00e7\u00e3o de Infraestrutura F\u00edsica\u201d, oferecido pelo Porto Central em parceria com o IFES \u2013 Campus Presidente Kennedy, realizaram uma visita t\u00e9cnica ao empreendimento nesta quarta-feira (19\/11). A atividade fez [&hellip;]\" \/>\n<meta property=\"og:url\" content=\"https:\/\/www.portocentral.com.br\/en\/blog\/alunos-do-curso-do-porto-central-e-ifes-tem-dia-de-visita-tecnica-ao-porto\/\" \/>\n<meta property=\"og:site_name\" content=\"Porto Central\" \/>\n<meta property=\"article:published_time\" content=\"2025-11-19T16:27:06+00:00\" \/>\n<meta property=\"article:modified_time\" content=\"2025-11-19T16:28:47+00:00\" \/>\n<meta property=\"og:image\" content=\"https:\/\/www.portocentral.com.br\/wp-content\/uploads\/2025\/11\/visita-tecnica-2-scaled.jpg\" \/>\n\t<meta property=\"og:image:width\" content=\"2560\" \/>\n\t<meta property=\"og:image:height\" content=\"1920\" \/>\n\t<meta property=\"og:image:type\" content=\"image\/jpeg\" \/>\n<meta name=\"author\" content=\"Dani Klein\" \/>\n<meta name=\"twitter:card\" content=\"summary_large_image\" \/>\n<meta name=\"twitter:label1\" content=\"Written by\" \/>\n\t<meta name=\"twitter:data1\" content=\"Dani Klein\" \/>\n\t<meta name=\"twitter:label2\" content=\"Est. reading time\" \/>\n\t<meta name=\"twitter:data2\" content=\"2 minutes\" \/>\n<script type=\"application\/ld+json\" class=\"yoast-schema-graph\">{\"@context\":\"https:\/\/schema.org\",\"@graph\":[{\"@type\":\"WebPage\",\"@id\":\"https:\/\/www.portocentral.com.br\/blog\/alunos-do-curso-do-porto-central-e-ifes-tem-dia-de-visita-tecnica-ao-porto\/\",\"url\":\"https:\/\/www.portocentral.com.br\/blog\/alunos-do-curso-do-porto-central-e-ifes-tem-dia-de-visita-tecnica-ao-porto\/\",\"name\":\"Alunos do curso do Porto Central e IFES t\u00eam dia de visita t\u00e9cnica ao porto - Porto Central\",\"isPartOf\":{\"@id\":\"https:\/\/www.portocentral.com.br\/#website\"},\"primaryImageOfPage\":{\"@id\":\"https:\/\/www.portocentral.com.br\/blog\/alunos-do-curso-do-porto-central-e-ifes-tem-dia-de-visita-tecnica-ao-porto\/#primaryimage\"},\"image\":{\"@id\":\"https:\/\/www.portocentral.com.br\/blog\/alunos-do-curso-do-porto-central-e-ifes-tem-dia-de-visita-tecnica-ao-porto\/#primaryimage\"},\"thumbnailUrl\":\"https:\/\/www.portocentral.com.br\/wp-content\/uploads\/2025\/11\/visita-tecnica-2-scaled.jpg\",\"datePublished\":\"2025-11-19T16:27:06+00:00\",\"dateModified\":\"2025-11-19T16:28:47+00:00\",\"author\":{\"@id\":\"https:\/\/www.portocentral.com.br\/#\/schema\/person\/9c74e456aa9f17c1556873d18fe8352d\"},\"breadcrumb\":{\"@id\":\"https:\/\/www.portocentral.com.br\/blog\/alunos-do-curso-do-porto-central-e-ifes-tem-dia-de-visita-tecnica-ao-porto\/#breadcrumb\"},\"inLanguage\":\"en-US\",\"potentialAction\":[{\"@type\":\"ReadAction\",\"target\":[\"https:\/\/www.portocentral.com.br\/blog\/alunos-do-curso-do-porto-central-e-ifes-tem-dia-de-visita-tecnica-ao-porto\/\"]}]},{\"@type\":\"ImageObject\",\"inLanguage\":\"en-US\",\"@id\":\"https:\/\/www.portocentral.com.br\/blog\/alunos-do-curso-do-porto-central-e-ifes-tem-dia-de-visita-tecnica-ao-porto\/#primaryimage\",\"url\":\"https:\/\/www.portocentral.com.br\/wp-content\/uploads\/2025\/11\/visita-tecnica-2-scaled.jpg\",\"contentUrl\":\"https:\/\/www.portocentral.com.br\/wp-content\/uploads\/2025\/11\/visita-tecnica-2-scaled.jpg\",\"width\":2560,\"height\":1920},{\"@type\":\"BreadcrumbList\",\"@id\":\"https:\/\/www.portocentral.com.br\/blog\/alunos-do-curso-do-porto-central-e-ifes-tem-dia-de-visita-tecnica-ao-porto\/#breadcrumb\",\"itemListElement\":[{\"@type\":\"ListItem\",\"position\":1,\"name\":\"In\u00edcio\",\"item\":\"https:\/\/www.portocentral.com.br\/\"},{\"@type\":\"ListItem\",\"position\":2,\"name\":\"Alunos do curso do Porto Central e IFES t\u00eam dia de visita t\u00e9cnica ao porto\"}]},{\"@type\":\"WebSite\",\"@id\":\"https:\/\/www.portocentral.com.br\/#website\",\"url\":\"https:\/\/www.portocentral.com.br\/\",\"name\":\"Porto Central\",\"description\":\"uma inovadora solu\u00e7\u00e3o log\u00edstica\",\"potentialAction\":[{\"@type\":\"SearchAction\",\"target\":{\"@type\":\"EntryPoint\",\"urlTemplate\":\"https:\/\/www.portocentral.com.br\/?s={search_term_string}\"},\"query-input\":\"required name=search_term_string\"}],\"inLanguage\":\"en-US\"},{\"@type\":\"Person\",\"@id\":\"https:\/\/www.portocentral.com.br\/#\/schema\/person\/9c74e456aa9f17c1556873d18fe8352d\",\"name\":\"Dani Klein\",\"image\":{\"@type\":\"ImageObject\",\"inLanguage\":\"en-US\",\"@id\":\"https:\/\/www.portocentral.com.br\/#\/schema\/person\/image\/\",\"url\":\"https:\/\/secure.gravatar.com\/avatar\/2e16ed30a1d1abdde42add3583a961aa?s=96&d=mm&r=g\",\"contentUrl\":\"https:\/\/secure.gravatar.com\/avatar\/2e16ed30a1d1abdde42add3583a961aa?s=96&d=mm&r=g\",\"caption\":\"Dani Klein\"},\"sameAs\":[\"http:\/\/kickgroup.com.br\"],\"url\":\"https:\/\/www.portocentral.com.br\/en\/blog\/author\/dani-klein\/\"}]}<\/script>\n<!-- \/ Yoast SEO plugin. -->","yoast_head_json":{"title":"Alunos do curso do Porto Central e IFES t\u00eam dia de visita t\u00e9cnica ao porto - Porto Central","robots":{"index":"index","follow":"follow","max-snippet":"max-snippet:-1","max-image-preview":"max-image-preview:large","max-video-preview":"max-video-preview:-1"},"canonical":"https:\/\/www.portocentral.com.br\/en\/blog\/alunos-do-curso-do-porto-central-e-ifes-tem-dia-de-visita-tecnica-ao-porto\/","og_locale":"en_US","og_type":"article","og_title":"Alunos do curso do Porto Central e IFES t\u00eam dia de visita t\u00e9cnica ao porto - Porto Central","og_description":"Estudantes visitaram \u00e1reas do empreendimento e conheceram de perto a\u00e7\u00f5es socioambientais e de infraestrutura Os alunos do curso \u201cIntrodu\u00e7\u00e3o \u00e0 Implanta\u00e7\u00e3o de Ind\u00fastrias de Base e Constru\u00e7\u00e3o de Infraestrutura F\u00edsica\u201d, oferecido pelo Porto Central em parceria com o IFES \u2013 Campus Presidente Kennedy, realizaram uma visita t\u00e9cnica ao empreendimento nesta quarta-feira (19\/11). A atividade fez [&hellip;]","og_url":"https:\/\/www.portocentral.com.br\/en\/blog\/alunos-do-curso-do-porto-central-e-ifes-tem-dia-de-visita-tecnica-ao-porto\/","og_site_name":"Porto Central","article_published_time":"2025-11-19T16:27:06+00:00","article_modified_time":"2025-11-19T16:28:47+00:00","og_image":[{"width":2560,"height":1920,"url":"https:\/\/www.portocentral.com.br\/wp-content\/uploads\/2025\/11\/visita-tecnica-2-scaled.jpg","type":"image\/jpeg"}],"author":"Dani Klein","twitter_card":"summary_large_image","twitter_misc":{"Written by":"Dani Klein","Est. reading time":"2 minutes"},"schema":{"@context":"https:\/\/schema.org","@graph":[{"@type":"WebPage","@id":"https:\/\/www.portocentral.com.br\/blog\/alunos-do-curso-do-porto-central-e-ifes-tem-dia-de-visita-tecnica-ao-porto\/","url":"https:\/\/www.portocentral.com.br\/blog\/alunos-do-curso-do-porto-central-e-ifes-tem-dia-de-visita-tecnica-ao-porto\/","name":"Alunos do curso do Porto Central e IFES t\u00eam dia de visita t\u00e9cnica ao porto - Porto Central","isPartOf":{"@id":"https:\/\/www.portocentral.com.br\/#website"},"primaryImageOfPage":{"@id":"https:\/\/www.portocentral.com.br\/blog\/alunos-do-curso-do-porto-central-e-ifes-tem-dia-de-visita-tecnica-ao-porto\/#primaryimage"},"image":{"@id":"https:\/\/www.portocentral.com.br\/blog\/alunos-do-curso-do-porto-central-e-ifes-tem-dia-de-visita-tecnica-ao-porto\/#primaryimage"},"thumbnailUrl":"https:\/\/www.portocentral.com.br\/wp-content\/uploads\/2025\/11\/visita-tecnica-2-scaled.jpg","datePublished":"2025-11-19T16:27:06+00:00","dateModified":"2025-11-19T16:28:47+00:00","author":{"@id":"https:\/\/www.portocentral.com.br\/#\/schema\/person\/9c74e456aa9f17c1556873d18fe8352d"},"breadcrumb":{"@id":"https:\/\/www.portocentral.com.br\/blog\/alunos-do-curso-do-porto-central-e-ifes-tem-dia-de-visita-tecnica-ao-porto\/#breadcrumb"},"inLanguage":"en-US","potentialAction":[{"@type":"ReadAction","target":["https:\/\/www.portocentral.com.br\/blog\/alunos-do-curso-do-porto-central-e-ifes-tem-dia-de-visita-tecnica-ao-porto\/"]}]},{"@type":"ImageObject","inLanguage":"en-US","@id":"https:\/\/www.portocentral.com.br\/blog\/alunos-do-curso-do-porto-central-e-ifes-tem-dia-de-visita-tecnica-ao-porto\/#primaryimage","url":"https:\/\/www.portocentral.com.br\/wp-content\/uploads\/2025\/11\/visita-tecnica-2-scaled.jpg","contentUrl":"https:\/\/www.portocentral.com.br\/wp-content\/uploads\/2025\/11\/visita-tecnica-2-scaled.jpg","width":2560,"height":1920},{"@type":"BreadcrumbList","@id":"https:\/\/www.portocentral.com.br\/blog\/alunos-do-curso-do-porto-central-e-ifes-tem-dia-de-visita-tecnica-ao-porto\/#breadcrumb","itemListElement":[{"@type":"ListItem","position":1,"name":"In\u00edcio","item":"https:\/\/www.portocentral.com.br\/"},{"@type":"ListItem","position":2,"name":"Alunos do curso do Porto Central e IFES t\u00eam dia de visita t\u00e9cnica ao porto"}]},{"@type":"WebSite","@id":"https:\/\/www.portocentral.com.br\/#website","url":"https:\/\/www.portocentral.com.br\/","name":"Porto Central","description":"uma inovadora solu\u00e7\u00e3o log\u00edstica","potentialAction":[{"@type":"SearchAction","target":{"@type":"EntryPoint","urlTemplate":"https:\/\/www.portocentral.com.br\/?s={search_term_string}"},"query-input":"required name=search_term_string"}],"inLanguage":"en-US"},{"@type":"Person","@id":"https:\/\/www.portocentral.com.br\/#\/schema\/person\/9c74e456aa9f17c1556873d18fe8352d","name":"Dani Klein","image":{"@type":"ImageObject","inLanguage":"en-US","@id":"https:\/\/www.portocentral.com.br\/#\/schema\/person\/image\/","url":"https:\/\/secure.gravatar.com\/avatar\/2e16ed30a1d1abdde42add3583a961aa?s=96&d=mm&r=g","contentUrl":"https:\/\/secure.gravatar.com\/avatar\/2e16ed30a1d1abdde42add3583a961aa?s=96&d=mm&r=g","caption":"Dani Klein"},"sameAs":["http:\/\/kickgroup.com.br"],"url":"https:\/\/www.portocentral.com.br\/en\/blog\/author\/dani-klein\/"}]}},"_links":{"self":[{"href":"https:\/\/www.portocentral.com.br\/en\/wp-json\/wp\/v2\/posts\/12969"}],"collection":[{"href":"https:\/\/www.portocentral.com.br\/en\/wp-json\/wp\/v2\/posts"}],"about":[{"href":"https:\/\/www.portocentral.com.br\/en\/wp-json\/wp\/v2\/types\/post"}],"author":[{"embeddable":true,"href":"https:\/\/www.portocentral.com.br\/en\/wp-json\/wp\/v2\/users\/2"}],"replies":[{"embeddable":true,"href":"https:\/\/www.portocentral.com.br\/en\/wp-json\/wp\/v2\/comments?post=12969"}],"version-history":[{"count":3,"href":"https:\/\/www.portocentral.com.br\/en\/wp-json\/wp\/v2\/posts\/12969\/revisions"}],"predecessor-version":[{"id":12974,"href":"https:\/\/www.portocentral.com.br\/en\/wp-json\/wp\/v2\/posts\/12969\/revisions\/12974"}],"wp:featuredmedia":[{"embeddable":true,"href":"https:\/\/www.portocentral.com.br\/en\/wp-json\/wp\/v2\/media\/12971"}],"wp:attachment":[{"href":"https:\/\/www.portocentral.com.br\/en\/wp-json\/wp\/v2\/media?parent=12969"}],"wp:term":[{"taxonomy":"category","embeddable":true,"href":"https:\/\/www.portocentral.com.br\/en\/wp-json\/wp\/v2\/categories?post=12969"},{"taxonomy":"post_tag","embeddable":true,"href":"https:\/\/www.portocentral.com.br\/en\/wp-json\/wp\/v2\/tags?post=12969"}],"curies":[{"name":"wp","href":"https:\/\/api.w.org\/{rel}","templated":true}]}}