{"id":12975,"date":"2025-11-21T12:44:18","date_gmt":"2025-11-21T15:44:18","guid":{"rendered":"https:\/\/www.portocentral.com.br\/?p=12975"},"modified":"2025-11-21T12:46:41","modified_gmt":"2025-11-21T15:46:41","slug":"formatura-celebra-conclusao-do-curso-do-porto-central-e-ifes-para-comunidades-da-regiao","status":"publish","type":"post","link":"https:\/\/www.portocentral.com.br\/en\/blog\/formatura-celebra-conclusao-do-curso-do-porto-central-e-ifes-para-comunidades-da-regiao\/","title":{"rendered":"Graduation Marks Completion of Training Course by Porto Central and IFES"},"content":{"rendered":"<p><i><span style=\"font-weight: 400;\">Event marks another step in the partnership between Porto Central and IFES to strengthen local professional training.<\/span><\/i><\/p>\n<p><span style=\"font-weight: 400;\">Porto Central and IFES \u2013 Presidente Kennedy Campus have concluded another edition of the course \u201cIntroduction to the Implementation of Basic Industries and Physical Infrastructure Construction.\u201d After the first cohort, which focused on workers, this second edition was directed toward residents of Presidente Kennedy, Marata\u00edzes, and S\u00e3o Francisco de Itabapoana \u2014 the three municipalities that make up the project's direct socioeconomic influence area (AID).<\/span><\/p>\n<p><span style=\"font-weight: 400;\">The free training is part of a broader set of professional qualification initiatives that contribute to achieving the goal of up to 70% local workforce in priority positions during Porto Central\u2019s implementation.<\/span><\/p>\n<h4><b>Women in focus and stories that move forward<\/b><\/h4>\n<p><span style=\"font-weight: 400;\">In this edition, 50% of the seats were reserved for women \u2014 and all were filled. Their participation brought diversity, new perspectives, and strong engagement throughout the course. For many of the women, the training offered an opportunity to expand knowledge and envision new professional paths.<\/span><\/p>\n<p><span style=\"font-weight: 400;\">Cristiani Debona Costa highlighted how the course has helped strengthen community confidence in the progress of the project: <\/span><i><span style=\"font-weight: 400;\">\u201cPeople don\u2019t believe the port is coming, and this course is sparking interest in training and preparation to work at the enterprise.\u201d<\/span><\/i><\/p>\n<p><span style=\"font-weight: 400;\">The experience was also meaningful for those seeking a new beginning. Simoni Vaz Coelho shared:<\/span><span style=\"font-weight: 400;\"><br \/>\n<\/span><i><span style=\"font-weight: 400;\"> \u201cIt was an opportunity, even for me who is older. Inside the classroom, we had a very valuable exchange.\u201d<\/span><\/i><\/p>\n<p><img decoding=\"async\" loading=\"lazy\" class=\"aligncenter size-large wp-image-12976\" src=\"http:\/\/www.portocentral.com.br\/wp-content\/uploads\/2025\/11\/formatura-comunidades-1-1024x604.jpg\" alt=\"\" width=\"1024\" height=\"604\" srcset=\"https:\/\/www.portocentral.com.br\/wp-content\/uploads\/2025\/11\/formatura-comunidades-1-1024x604.jpg 1024w, https:\/\/www.portocentral.com.br\/wp-content\/uploads\/2025\/11\/formatura-comunidades-1-768x453.jpg 768w, https:\/\/www.portocentral.com.br\/wp-content\/uploads\/2025\/11\/formatura-comunidades-1-640x377.jpg 640w, https:\/\/www.portocentral.com.br\/wp-content\/uploads\/2025\/11\/formatura-comunidades-1-400x236.jpg 400w, https:\/\/www.portocentral.com.br\/wp-content\/uploads\/2025\/11\/formatura-comunidades-1-367x216.jpg 367w\" sizes=\"(max-width: 1024px) 100vw, 1024px\" \/><\/p>\n<h4><b>Course content that prepares for the future<\/b><\/h4>\n<p><span style=\"font-weight: 400;\">With 60 hours of training, the course covered essential topics for working in the port sector and infrastructure chain, such as Citizenship and Professional Ethics, Port Organizational Culture, Communication and Portuguese Language, Quality and Productivity, Occupational Safety, Applied Mathematics, and Fundamentals of Environment and Sustainability.<\/span><\/p>\n<p><span style=\"font-weight: 400;\">The graduation ceremony took place on Wednesday, November 19, at the IFES \u2013 Presidente Kennedy Campus.<\/span><\/p>\n<p><span style=\"font-weight: 400;\">By offering technical training directly to local residents, Porto Central reinforces its commitment to creating real opportunities for socioeconomic development and strengthening its connection with the surrounding communities.<\/span><\/p>","protected":false},"excerpt":{"rendered":"<p>Evento marca mais uma etapa da parceria entre Porto Central e IFES para fortalecer a qualifica\u00e7\u00e3o local. O Porto Central e o IFES \u2013 Campus Presidente Kennedy conclu\u00edram mais uma turma do curso \u201cIntrodu\u00e7\u00e3o \u00e0 Implanta\u00e7\u00e3o de Ind\u00fastrias de Base e Constru\u00e7\u00e3o de Infraestrutura F\u00edsica\u201d. Ap\u00f3s a primeira edi\u00e7\u00e3o, voltada aos trabalhadores, esta segunda turma [&hellip;]<\/p>","protected":false},"author":2,"featured_media":12977,"comment_status":"open","ping_status":"open","sticky":false,"template":"","format":"standard","meta":{"footnotes":""},"categories":[59,3,60],"tags":[],"acf":[],"featured_image_src":{"landsacpe":["https:\/\/www.portocentral.com.br\/wp-content\/uploads\/2025\/11\/formatura-comunidade-2-1080x445.jpg",1080,445,true],"list":["https:\/\/www.portocentral.com.br\/wp-content\/uploads\/2025\/11\/formatura-comunidade-2-463x348.jpg",463,348,true],"medium":["https:\/\/www.portocentral.com.br\/wp-content\/uploads\/2025\/11\/formatura-comunidade-2-300x211.jpg",300,211,true],"full":["https:\/\/www.portocentral.com.br\/wp-content\/uploads\/2025\/11\/formatura-comunidade-2.jpg",1080,760,false]},"yoast_head":"<!-- This site is optimized with the Yoast SEO plugin v22.4 - https:\/\/yoast.com\/wordpress\/plugins\/seo\/ -->\n<title>Formatura celebra conclus\u00e3o de curso do Porto Central e IFES para comunidades da regi\u00e3o - Porto Central<\/title>\n<meta name=\"robots\" content=\"index, follow, max-snippet:-1, max-image-preview:large, max-video-preview:-1\" \/>\n<link rel=\"canonical\" href=\"https:\/\/www.portocentral.com.br\/en\/blog\/formatura-celebra-conclusao-do-curso-do-porto-central-e-ifes-para-comunidades-da-regiao\/\" \/>\n<meta property=\"og:locale\" content=\"en_US\" \/>\n<meta property=\"og:type\" content=\"article\" \/>\n<meta property=\"og:title\" content=\"Formatura celebra conclus\u00e3o de curso do Porto Central e IFES para comunidades da regi\u00e3o - Porto Central\" \/>\n<meta property=\"og:description\" content=\"Evento marca mais uma etapa da parceria entre Porto Central e IFES para fortalecer a qualifica\u00e7\u00e3o local. O Porto Central e o IFES \u2013 Campus Presidente Kennedy conclu\u00edram mais uma turma do curso \u201cIntrodu\u00e7\u00e3o \u00e0 Implanta\u00e7\u00e3o de Ind\u00fastrias de Base e Constru\u00e7\u00e3o de Infraestrutura F\u00edsica\u201d. Ap\u00f3s a primeira edi\u00e7\u00e3o, voltada aos trabalhadores, esta segunda turma [&hellip;]\" \/>\n<meta property=\"og:url\" content=\"https:\/\/www.portocentral.com.br\/en\/blog\/formatura-celebra-conclusao-do-curso-do-porto-central-e-ifes-para-comunidades-da-regiao\/\" \/>\n<meta property=\"og:site_name\" content=\"Porto Central\" \/>\n<meta property=\"article:published_time\" content=\"2025-11-21T15:44:18+00:00\" \/>\n<meta property=\"article:modified_time\" content=\"2025-11-21T15:46:41+00:00\" \/>\n<meta property=\"og:image\" content=\"https:\/\/www.portocentral.com.br\/wp-content\/uploads\/2025\/11\/formatura-comunidade-2.jpg\" \/>\n\t<meta property=\"og:image:width\" content=\"1080\" \/>\n\t<meta property=\"og:image:height\" content=\"760\" \/>\n\t<meta property=\"og:image:type\" content=\"image\/jpeg\" \/>\n<meta name=\"author\" content=\"Dani Klein\" \/>\n<meta name=\"twitter:card\" content=\"summary_large_image\" \/>\n<meta name=\"twitter:label1\" content=\"Written by\" \/>\n\t<meta name=\"twitter:data1\" content=\"Dani Klein\" \/>\n\t<meta name=\"twitter:label2\" content=\"Est. reading time\" \/>\n\t<meta name=\"twitter:data2\" content=\"3 minutes\" \/>\n<script type=\"application\/ld+json\" class=\"yoast-schema-graph\">{\"@context\":\"https:\/\/schema.org\",\"@graph\":[{\"@type\":\"WebPage\",\"@id\":\"https:\/\/www.portocentral.com.br\/blog\/formatura-celebra-conclusao-do-curso-do-porto-central-e-ifes-para-comunidades-da-regiao\/\",\"url\":\"https:\/\/www.portocentral.com.br\/blog\/formatura-celebra-conclusao-do-curso-do-porto-central-e-ifes-para-comunidades-da-regiao\/\",\"name\":\"Formatura celebra conclus\u00e3o de curso do Porto Central e IFES para comunidades da regi\u00e3o - Porto Central\",\"isPartOf\":{\"@id\":\"https:\/\/www.portocentral.com.br\/#website\"},\"primaryImageOfPage\":{\"@id\":\"https:\/\/www.portocentral.com.br\/blog\/formatura-celebra-conclusao-do-curso-do-porto-central-e-ifes-para-comunidades-da-regiao\/#primaryimage\"},\"image\":{\"@id\":\"https:\/\/www.portocentral.com.br\/blog\/formatura-celebra-conclusao-do-curso-do-porto-central-e-ifes-para-comunidades-da-regiao\/#primaryimage\"},\"thumbnailUrl\":\"https:\/\/www.portocentral.com.br\/wp-content\/uploads\/2025\/11\/formatura-comunidade-2.jpg\",\"datePublished\":\"2025-11-21T15:44:18+00:00\",\"dateModified\":\"2025-11-21T15:46:41+00:00\",\"author\":{\"@id\":\"https:\/\/www.portocentral.com.br\/#\/schema\/person\/9c74e456aa9f17c1556873d18fe8352d\"},\"breadcrumb\":{\"@id\":\"https:\/\/www.portocentral.com.br\/blog\/formatura-celebra-conclusao-do-curso-do-porto-central-e-ifes-para-comunidades-da-regiao\/#breadcrumb\"},\"inLanguage\":\"en-US\",\"potentialAction\":[{\"@type\":\"ReadAction\",\"target\":[\"https:\/\/www.portocentral.com.br\/blog\/formatura-celebra-conclusao-do-curso-do-porto-central-e-ifes-para-comunidades-da-regiao\/\"]}]},{\"@type\":\"ImageObject\",\"inLanguage\":\"en-US\",\"@id\":\"https:\/\/www.portocentral.com.br\/blog\/formatura-celebra-conclusao-do-curso-do-porto-central-e-ifes-para-comunidades-da-regiao\/#primaryimage\",\"url\":\"https:\/\/www.portocentral.com.br\/wp-content\/uploads\/2025\/11\/formatura-comunidade-2.jpg\",\"contentUrl\":\"https:\/\/www.portocentral.com.br\/wp-content\/uploads\/2025\/11\/formatura-comunidade-2.jpg\",\"width\":1080,\"height\":760},{\"@type\":\"BreadcrumbList\",\"@id\":\"https:\/\/www.portocentral.com.br\/blog\/formatura-celebra-conclusao-do-curso-do-porto-central-e-ifes-para-comunidades-da-regiao\/#breadcrumb\",\"itemListElement\":[{\"@type\":\"ListItem\",\"position\":1,\"name\":\"In\u00edcio\",\"item\":\"https:\/\/www.portocentral.com.br\/\"},{\"@type\":\"ListItem\",\"position\":2,\"name\":\"Formatura celebra conclus\u00e3o de curso do Porto Central e IFES para comunidades da regi\u00e3o\"}]},{\"@type\":\"WebSite\",\"@id\":\"https:\/\/www.portocentral.com.br\/#website\",\"url\":\"https:\/\/www.portocentral.com.br\/\",\"name\":\"Porto Central\",\"description\":\"uma inovadora solu\u00e7\u00e3o log\u00edstica\",\"potentialAction\":[{\"@type\":\"SearchAction\",\"target\":{\"@type\":\"EntryPoint\",\"urlTemplate\":\"https:\/\/www.portocentral.com.br\/?s={search_term_string}\"},\"query-input\":\"required name=search_term_string\"}],\"inLanguage\":\"en-US\"},{\"@type\":\"Person\",\"@id\":\"https:\/\/www.portocentral.com.br\/#\/schema\/person\/9c74e456aa9f17c1556873d18fe8352d\",\"name\":\"Dani Klein\",\"image\":{\"@type\":\"ImageObject\",\"inLanguage\":\"en-US\",\"@id\":\"https:\/\/www.portocentral.com.br\/#\/schema\/person\/image\/\",\"url\":\"https:\/\/secure.gravatar.com\/avatar\/2e16ed30a1d1abdde42add3583a961aa?s=96&d=mm&r=g\",\"contentUrl\":\"https:\/\/secure.gravatar.com\/avatar\/2e16ed30a1d1abdde42add3583a961aa?s=96&d=mm&r=g\",\"caption\":\"Dani Klein\"},\"sameAs\":[\"http:\/\/kickgroup.com.br\"],\"url\":\"https:\/\/www.portocentral.com.br\/en\/blog\/author\/dani-klein\/\"}]}<\/script>\n<!-- \/ Yoast SEO plugin. -->","yoast_head_json":{"title":"Formatura celebra conclus\u00e3o de curso do Porto Central e IFES para comunidades da regi\u00e3o - Porto Central","robots":{"index":"index","follow":"follow","max-snippet":"max-snippet:-1","max-image-preview":"max-image-preview:large","max-video-preview":"max-video-preview:-1"},"canonical":"https:\/\/www.portocentral.com.br\/en\/blog\/formatura-celebra-conclusao-do-curso-do-porto-central-e-ifes-para-comunidades-da-regiao\/","og_locale":"en_US","og_type":"article","og_title":"Formatura celebra conclus\u00e3o de curso do Porto Central e IFES para comunidades da regi\u00e3o - Porto Central","og_description":"Evento marca mais uma etapa da parceria entre Porto Central e IFES para fortalecer a qualifica\u00e7\u00e3o local. O Porto Central e o IFES \u2013 Campus Presidente Kennedy conclu\u00edram mais uma turma do curso \u201cIntrodu\u00e7\u00e3o \u00e0 Implanta\u00e7\u00e3o de Ind\u00fastrias de Base e Constru\u00e7\u00e3o de Infraestrutura F\u00edsica\u201d. Ap\u00f3s a primeira edi\u00e7\u00e3o, voltada aos trabalhadores, esta segunda turma [&hellip;]","og_url":"https:\/\/www.portocentral.com.br\/en\/blog\/formatura-celebra-conclusao-do-curso-do-porto-central-e-ifes-para-comunidades-da-regiao\/","og_site_name":"Porto Central","article_published_time":"2025-11-21T15:44:18+00:00","article_modified_time":"2025-11-21T15:46:41+00:00","og_image":[{"width":1080,"height":760,"url":"https:\/\/www.portocentral.com.br\/wp-content\/uploads\/2025\/11\/formatura-comunidade-2.jpg","type":"image\/jpeg"}],"author":"Dani Klein","twitter_card":"summary_large_image","twitter_misc":{"Written by":"Dani Klein","Est. reading time":"3 minutes"},"schema":{"@context":"https:\/\/schema.org","@graph":[{"@type":"WebPage","@id":"https:\/\/www.portocentral.com.br\/blog\/formatura-celebra-conclusao-do-curso-do-porto-central-e-ifes-para-comunidades-da-regiao\/","url":"https:\/\/www.portocentral.com.br\/blog\/formatura-celebra-conclusao-do-curso-do-porto-central-e-ifes-para-comunidades-da-regiao\/","name":"Formatura celebra conclus\u00e3o de curso do Porto Central e IFES para comunidades da regi\u00e3o - Porto Central","isPartOf":{"@id":"https:\/\/www.portocentral.com.br\/#website"},"primaryImageOfPage":{"@id":"https:\/\/www.portocentral.com.br\/blog\/formatura-celebra-conclusao-do-curso-do-porto-central-e-ifes-para-comunidades-da-regiao\/#primaryimage"},"image":{"@id":"https:\/\/www.portocentral.com.br\/blog\/formatura-celebra-conclusao-do-curso-do-porto-central-e-ifes-para-comunidades-da-regiao\/#primaryimage"},"thumbnailUrl":"https:\/\/www.portocentral.com.br\/wp-content\/uploads\/2025\/11\/formatura-comunidade-2.jpg","datePublished":"2025-11-21T15:44:18+00:00","dateModified":"2025-11-21T15:46:41+00:00","author":{"@id":"https:\/\/www.portocentral.com.br\/#\/schema\/person\/9c74e456aa9f17c1556873d18fe8352d"},"breadcrumb":{"@id":"https:\/\/www.portocentral.com.br\/blog\/formatura-celebra-conclusao-do-curso-do-porto-central-e-ifes-para-comunidades-da-regiao\/#breadcrumb"},"inLanguage":"en-US","potentialAction":[{"@type":"ReadAction","target":["https:\/\/www.portocentral.com.br\/blog\/formatura-celebra-conclusao-do-curso-do-porto-central-e-ifes-para-comunidades-da-regiao\/"]}]},{"@type":"ImageObject","inLanguage":"en-US","@id":"https:\/\/www.portocentral.com.br\/blog\/formatura-celebra-conclusao-do-curso-do-porto-central-e-ifes-para-comunidades-da-regiao\/#primaryimage","url":"https:\/\/www.portocentral.com.br\/wp-content\/uploads\/2025\/11\/formatura-comunidade-2.jpg","contentUrl":"https:\/\/www.portocentral.com.br\/wp-content\/uploads\/2025\/11\/formatura-comunidade-2.jpg","width":1080,"height":760},{"@type":"BreadcrumbList","@id":"https:\/\/www.portocentral.com.br\/blog\/formatura-celebra-conclusao-do-curso-do-porto-central-e-ifes-para-comunidades-da-regiao\/#breadcrumb","itemListElement":[{"@type":"ListItem","position":1,"name":"In\u00edcio","item":"https:\/\/www.portocentral.com.br\/"},{"@type":"ListItem","position":2,"name":"Formatura celebra conclus\u00e3o de curso do Porto Central e IFES para comunidades da regi\u00e3o"}]},{"@type":"WebSite","@id":"https:\/\/www.portocentral.com.br\/#website","url":"https:\/\/www.portocentral.com.br\/","name":"Porto Central","description":"uma inovadora solu\u00e7\u00e3o log\u00edstica","potentialAction":[{"@type":"SearchAction","target":{"@type":"EntryPoint","urlTemplate":"https:\/\/www.portocentral.com.br\/?s={search_term_string}"},"query-input":"required name=search_term_string"}],"inLanguage":"en-US"},{"@type":"Person","@id":"https:\/\/www.portocentral.com.br\/#\/schema\/person\/9c74e456aa9f17c1556873d18fe8352d","name":"Dani Klein","image":{"@type":"ImageObject","inLanguage":"en-US","@id":"https:\/\/www.portocentral.com.br\/#\/schema\/person\/image\/","url":"https:\/\/secure.gravatar.com\/avatar\/2e16ed30a1d1abdde42add3583a961aa?s=96&d=mm&r=g","contentUrl":"https:\/\/secure.gravatar.com\/avatar\/2e16ed30a1d1abdde42add3583a961aa?s=96&d=mm&r=g","caption":"Dani Klein"},"sameAs":["http:\/\/kickgroup.com.br"],"url":"https:\/\/www.portocentral.com.br\/en\/blog\/author\/dani-klein\/"}]}},"_links":{"self":[{"href":"https:\/\/www.portocentral.com.br\/en\/wp-json\/wp\/v2\/posts\/12975"}],"collection":[{"href":"https:\/\/www.portocentral.com.br\/en\/wp-json\/wp\/v2\/posts"}],"about":[{"href":"https:\/\/www.portocentral.com.br\/en\/wp-json\/wp\/v2\/types\/post"}],"author":[{"embeddable":true,"href":"https:\/\/www.portocentral.com.br\/en\/wp-json\/wp\/v2\/users\/2"}],"replies":[{"embeddable":true,"href":"https:\/\/www.portocentral.com.br\/en\/wp-json\/wp\/v2\/comments?post=12975"}],"version-history":[{"count":2,"href":"https:\/\/www.portocentral.com.br\/en\/wp-json\/wp\/v2\/posts\/12975\/revisions"}],"predecessor-version":[{"id":12979,"href":"https:\/\/www.portocentral.com.br\/en\/wp-json\/wp\/v2\/posts\/12975\/revisions\/12979"}],"wp:featuredmedia":[{"embeddable":true,"href":"https:\/\/www.portocentral.com.br\/en\/wp-json\/wp\/v2\/media\/12977"}],"wp:attachment":[{"href":"https:\/\/www.portocentral.com.br\/en\/wp-json\/wp\/v2\/media?parent=12975"}],"wp:term":[{"taxonomy":"category","embeddable":true,"href":"https:\/\/www.portocentral.com.br\/en\/wp-json\/wp\/v2\/categories?post=12975"},{"taxonomy":"post_tag","embeddable":true,"href":"https:\/\/www.portocentral.com.br\/en\/wp-json\/wp\/v2\/tags?post=12975"}],"curies":[{"name":"wp","href":"https:\/\/api.w.org\/{rel}","templated":true}]}}