{"id":12981,"date":"2025-12-08T14:39:11","date_gmt":"2025-12-08T17:39:11","guid":{"rendered":"https:\/\/www.portocentral.com.br\/?p=12981"},"modified":"2025-12-08T14:43:15","modified_gmt":"2025-12-08T17:43:15","slug":"colaboradores-do-porto-central-participam-de-acao-integrada-de-promocao-a-saude","status":"publish","type":"post","link":"https:\/\/www.portocentral.com.br\/en\/blog\/colaboradores-do-porto-central-participam-de-acao-integrada-de-promocao-a-saude\/","title":{"rendered":"Porto Central employees take part in integrated health promotion initiative"},"content":{"rendered":"<p><span style=\"font-weight: 400;\">On the morning of Thursday (04), Porto Central employees took part in a special program at the company\u2019s headquarters, as part of the Environmental Education Program (PEA). The initiative reinforced the importance of ongoing health care, bringing together information, prevention, and well-being in a single event.<\/span><\/p>\n<p><span style=\"font-weight: 400;\">Health professionals led an awareness session on prostate, skin, and head and neck cancers \u2014 diseases with significantly higher chances of cure when detected early.\u00a0<\/span><\/p>\n<p><span style=\"font-weight: 400;\">Participants also received guidance from the Epidemiological Surveillance team on the prevention of Sexually Transmitted Infections (STIs), with clarifications on symptoms, transmission routes, and the importance of using condoms.<\/span><\/p>\n<p><span style=\"font-weight: 400;\">Throughout the morning, several health services were offered, including:<\/span><\/p>\n<ul>\n<li>Vaccination record updates;<\/li>\n<\/ul>\n<ul>\n<li>Blood pressure measurement;<\/li>\n<\/ul>\n<ul>\n<li>Blood glucose testing;<\/li>\n<\/ul>\n<ul>\n<li>PSA testing;<\/li>\n<\/ul>\n<ul>\n<li>Rapid tests for syphilis, HIV, and viral hepatitis.<\/li>\n<\/ul>\n<p><img decoding=\"async\" loading=\"lazy\" class=\"aligncenter size-large wp-image-12982\" src=\"http:\/\/www.portocentral.com.br\/wp-content\/uploads\/2025\/12\/IMG_5309-1024x552.jpg\" alt=\"\" width=\"1024\" height=\"552\" srcset=\"https:\/\/www.portocentral.com.br\/wp-content\/uploads\/2025\/12\/IMG_5309-1024x552.jpg 1024w, https:\/\/www.portocentral.com.br\/wp-content\/uploads\/2025\/12\/IMG_5309-768x414.jpg 768w, https:\/\/www.portocentral.com.br\/wp-content\/uploads\/2025\/12\/IMG_5309-640x345.jpg 640w, https:\/\/www.portocentral.com.br\/wp-content\/uploads\/2025\/12\/IMG_5309-400x216.jpg 400w, https:\/\/www.portocentral.com.br\/wp-content\/uploads\/2025\/12\/IMG_5309-367x198.jpg 367w\" sizes=\"(max-width: 1024px) 100vw, 1024px\" \/><\/p>\n<p><span style=\"font-weight: 400;\">For employees, the initiative represented learning and awareness. \u201c<\/span><i><span style=\"font-weight: 400;\">We often end up postponing our health. Having these services available here, as part of our routine, helps a lot. It was an important opportunity to take care of ourselves\"<\/span><\/i><span style=\"font-weight: 400;\">,  said Moacyir dos Santos.<\/span><\/p>\n<p><span style=\"font-weight: 400;\">Francelino de Jesus Filho highlighted the impact of the guidance provided:<\/span><i><span style=\"font-weight: 400;\"> \u201cThe lecture opened our eyes to things we often overlook. The care was welcoming and well explained. It\u2019s very positive to see Porto Central encouraging this kind of attention.\u201d<\/span><\/i><\/p>\n<p><span style=\"font-weight: 400;\">The initiative was carried out in partnership with the Municipal Government of Presidente Kennedy, through the Municipal Health Department, which provided professionals, services, and educational materials to ensure complete and high-quality care for workers.<\/span><\/p>","protected":false},"excerpt":{"rendered":"<p>Na manh\u00e3 da \u00faltima quinta-feira (04), colaboradores do Porto Central participaram de uma programa\u00e7\u00e3o especial na sede do empreendimento, como parte das a\u00e7\u00f5es do Programa de Educa\u00e7\u00e3o Ambiental (PEA). A iniciativa refor\u00e7ou a import\u00e2ncia do cuidado cont\u00ednuo com a sa\u00fade, reunindo informa\u00e7\u00e3o, preven\u00e7\u00e3o e bem-estar em um s\u00f3 encontro. Profissionais de sa\u00fade conduziram uma sensibiliza\u00e7\u00e3o [&hellip;]<\/p>","protected":false},"author":2,"featured_media":12983,"comment_status":"open","ping_status":"open","sticky":false,"template":"","format":"standard","meta":{"footnotes":""},"categories":[59,3,60],"tags":[],"acf":[],"featured_image_src":{"landsacpe":["https:\/\/www.portocentral.com.br\/wp-content\/uploads\/2025\/12\/IMG_5274-1140x445.jpg",1140,445,true],"list":["https:\/\/www.portocentral.com.br\/wp-content\/uploads\/2025\/12\/IMG_5274-463x348.jpg",463,348,true],"medium":["https:\/\/www.portocentral.com.br\/wp-content\/uploads\/2025\/12\/IMG_5274-300x141.jpg",300,141,true],"full":["https:\/\/www.portocentral.com.br\/wp-content\/uploads\/2025\/12\/IMG_5274-scaled.jpg",2560,1202,false]},"yoast_head":"<!-- This site is optimized with the Yoast SEO plugin v22.4 - https:\/\/yoast.com\/wordpress\/plugins\/seo\/ -->\n<title>Colaboradores do Porto Central participam de a\u00e7\u00e3o integrada de promo\u00e7\u00e3o \u00e0 sa\u00fade - Porto Central<\/title>\n<meta name=\"robots\" content=\"index, follow, max-snippet:-1, max-image-preview:large, max-video-preview:-1\" \/>\n<link rel=\"canonical\" href=\"https:\/\/www.portocentral.com.br\/en\/blog\/colaboradores-do-porto-central-participam-de-acao-integrada-de-promocao-a-saude\/\" \/>\n<meta property=\"og:locale\" content=\"en_US\" \/>\n<meta property=\"og:type\" content=\"article\" \/>\n<meta property=\"og:title\" content=\"Colaboradores do Porto Central participam de a\u00e7\u00e3o integrada de promo\u00e7\u00e3o \u00e0 sa\u00fade - Porto Central\" \/>\n<meta property=\"og:description\" content=\"Na manh\u00e3 da \u00faltima quinta-feira (04), colaboradores do Porto Central participaram de uma programa\u00e7\u00e3o especial na sede do empreendimento, como parte das a\u00e7\u00f5es do Programa de Educa\u00e7\u00e3o Ambiental (PEA). A iniciativa refor\u00e7ou a import\u00e2ncia do cuidado cont\u00ednuo com a sa\u00fade, reunindo informa\u00e7\u00e3o, preven\u00e7\u00e3o e bem-estar em um s\u00f3 encontro. Profissionais de sa\u00fade conduziram uma sensibiliza\u00e7\u00e3o [&hellip;]\" \/>\n<meta property=\"og:url\" content=\"https:\/\/www.portocentral.com.br\/en\/blog\/colaboradores-do-porto-central-participam-de-acao-integrada-de-promocao-a-saude\/\" \/>\n<meta property=\"og:site_name\" content=\"Porto Central\" \/>\n<meta property=\"article:published_time\" content=\"2025-12-08T17:39:11+00:00\" \/>\n<meta property=\"article:modified_time\" content=\"2025-12-08T17:43:15+00:00\" \/>\n<meta property=\"og:image\" content=\"https:\/\/www.portocentral.com.br\/wp-content\/uploads\/2025\/12\/IMG_5274-scaled.jpg\" \/>\n\t<meta property=\"og:image:width\" content=\"2560\" \/>\n\t<meta property=\"og:image:height\" content=\"1202\" \/>\n\t<meta property=\"og:image:type\" content=\"image\/jpeg\" \/>\n<meta name=\"author\" content=\"Dani Klein\" \/>\n<meta name=\"twitter:card\" content=\"summary_large_image\" \/>\n<meta name=\"twitter:label1\" content=\"Written by\" \/>\n\t<meta name=\"twitter:data1\" content=\"Dani Klein\" \/>\n\t<meta name=\"twitter:label2\" content=\"Est. reading time\" \/>\n\t<meta name=\"twitter:data2\" content=\"2 minutes\" \/>\n<script type=\"application\/ld+json\" class=\"yoast-schema-graph\">{\"@context\":\"https:\/\/schema.org\",\"@graph\":[{\"@type\":\"WebPage\",\"@id\":\"https:\/\/www.portocentral.com.br\/en\/blog\/colaboradores-do-porto-central-participam-de-acao-integrada-de-promocao-a-saude\/\",\"url\":\"https:\/\/www.portocentral.com.br\/en\/blog\/colaboradores-do-porto-central-participam-de-acao-integrada-de-promocao-a-saude\/\",\"name\":\"Colaboradores do Porto Central participam de a\u00e7\u00e3o integrada de promo\u00e7\u00e3o \u00e0 sa\u00fade - Porto Central\",\"isPartOf\":{\"@id\":\"https:\/\/www.portocentral.com.br\/#website\"},\"primaryImageOfPage\":{\"@id\":\"https:\/\/www.portocentral.com.br\/en\/blog\/colaboradores-do-porto-central-participam-de-acao-integrada-de-promocao-a-saude\/#primaryimage\"},\"image\":{\"@id\":\"https:\/\/www.portocentral.com.br\/en\/blog\/colaboradores-do-porto-central-participam-de-acao-integrada-de-promocao-a-saude\/#primaryimage\"},\"thumbnailUrl\":\"https:\/\/www.portocentral.com.br\/wp-content\/uploads\/2025\/12\/IMG_5274-scaled.jpg\",\"datePublished\":\"2025-12-08T17:39:11+00:00\",\"dateModified\":\"2025-12-08T17:43:15+00:00\",\"author\":{\"@id\":\"https:\/\/www.portocentral.com.br\/#\/schema\/person\/9c74e456aa9f17c1556873d18fe8352d\"},\"breadcrumb\":{\"@id\":\"https:\/\/www.portocentral.com.br\/en\/blog\/colaboradores-do-porto-central-participam-de-acao-integrada-de-promocao-a-saude\/#breadcrumb\"},\"inLanguage\":\"en-US\",\"potentialAction\":[{\"@type\":\"ReadAction\",\"target\":[\"https:\/\/www.portocentral.com.br\/en\/blog\/colaboradores-do-porto-central-participam-de-acao-integrada-de-promocao-a-saude\/\"]}]},{\"@type\":\"ImageObject\",\"inLanguage\":\"en-US\",\"@id\":\"https:\/\/www.portocentral.com.br\/en\/blog\/colaboradores-do-porto-central-participam-de-acao-integrada-de-promocao-a-saude\/#primaryimage\",\"url\":\"https:\/\/www.portocentral.com.br\/wp-content\/uploads\/2025\/12\/IMG_5274-scaled.jpg\",\"contentUrl\":\"https:\/\/www.portocentral.com.br\/wp-content\/uploads\/2025\/12\/IMG_5274-scaled.jpg\",\"width\":2560,\"height\":1202},{\"@type\":\"BreadcrumbList\",\"@id\":\"https:\/\/www.portocentral.com.br\/en\/blog\/colaboradores-do-porto-central-participam-de-acao-integrada-de-promocao-a-saude\/#breadcrumb\",\"itemListElement\":[{\"@type\":\"ListItem\",\"position\":1,\"name\":\"In\u00edcio\",\"item\":\"https:\/\/www.portocentral.com.br\/\"},{\"@type\":\"ListItem\",\"position\":2,\"name\":\"Colaboradores do Porto Central participam de a\u00e7\u00e3o integrada de promo\u00e7\u00e3o \u00e0 sa\u00fade\"}]},{\"@type\":\"WebSite\",\"@id\":\"https:\/\/www.portocentral.com.br\/#website\",\"url\":\"https:\/\/www.portocentral.com.br\/\",\"name\":\"Porto Central\",\"description\":\"uma inovadora solu\u00e7\u00e3o log\u00edstica\",\"potentialAction\":[{\"@type\":\"SearchAction\",\"target\":{\"@type\":\"EntryPoint\",\"urlTemplate\":\"https:\/\/www.portocentral.com.br\/?s={search_term_string}\"},\"query-input\":\"required name=search_term_string\"}],\"inLanguage\":\"en-US\"},{\"@type\":\"Person\",\"@id\":\"https:\/\/www.portocentral.com.br\/#\/schema\/person\/9c74e456aa9f17c1556873d18fe8352d\",\"name\":\"Dani Klein\",\"image\":{\"@type\":\"ImageObject\",\"inLanguage\":\"en-US\",\"@id\":\"https:\/\/www.portocentral.com.br\/#\/schema\/person\/image\/\",\"url\":\"https:\/\/secure.gravatar.com\/avatar\/2e16ed30a1d1abdde42add3583a961aa?s=96&d=mm&r=g\",\"contentUrl\":\"https:\/\/secure.gravatar.com\/avatar\/2e16ed30a1d1abdde42add3583a961aa?s=96&d=mm&r=g\",\"caption\":\"Dani Klein\"},\"sameAs\":[\"http:\/\/kickgroup.com.br\"],\"url\":\"https:\/\/www.portocentral.com.br\/en\/blog\/author\/dani-klein\/\"}]}<\/script>\n<!-- \/ Yoast SEO plugin. -->","yoast_head_json":{"title":"Colaboradores do Porto Central participam de a\u00e7\u00e3o integrada de promo\u00e7\u00e3o \u00e0 sa\u00fade - Porto Central","robots":{"index":"index","follow":"follow","max-snippet":"max-snippet:-1","max-image-preview":"max-image-preview:large","max-video-preview":"max-video-preview:-1"},"canonical":"https:\/\/www.portocentral.com.br\/en\/blog\/colaboradores-do-porto-central-participam-de-acao-integrada-de-promocao-a-saude\/","og_locale":"en_US","og_type":"article","og_title":"Colaboradores do Porto Central participam de a\u00e7\u00e3o integrada de promo\u00e7\u00e3o \u00e0 sa\u00fade - Porto Central","og_description":"Na manh\u00e3 da \u00faltima quinta-feira (04), colaboradores do Porto Central participaram de uma programa\u00e7\u00e3o especial na sede do empreendimento, como parte das a\u00e7\u00f5es do Programa de Educa\u00e7\u00e3o Ambiental (PEA). A iniciativa refor\u00e7ou a import\u00e2ncia do cuidado cont\u00ednuo com a sa\u00fade, reunindo informa\u00e7\u00e3o, preven\u00e7\u00e3o e bem-estar em um s\u00f3 encontro. Profissionais de sa\u00fade conduziram uma sensibiliza\u00e7\u00e3o [&hellip;]","og_url":"https:\/\/www.portocentral.com.br\/en\/blog\/colaboradores-do-porto-central-participam-de-acao-integrada-de-promocao-a-saude\/","og_site_name":"Porto Central","article_published_time":"2025-12-08T17:39:11+00:00","article_modified_time":"2025-12-08T17:43:15+00:00","og_image":[{"width":2560,"height":1202,"url":"https:\/\/www.portocentral.com.br\/wp-content\/uploads\/2025\/12\/IMG_5274-scaled.jpg","type":"image\/jpeg"}],"author":"Dani Klein","twitter_card":"summary_large_image","twitter_misc":{"Written by":"Dani Klein","Est. reading time":"2 minutes"},"schema":{"@context":"https:\/\/schema.org","@graph":[{"@type":"WebPage","@id":"https:\/\/www.portocentral.com.br\/en\/blog\/colaboradores-do-porto-central-participam-de-acao-integrada-de-promocao-a-saude\/","url":"https:\/\/www.portocentral.com.br\/en\/blog\/colaboradores-do-porto-central-participam-de-acao-integrada-de-promocao-a-saude\/","name":"Colaboradores do Porto Central participam de a\u00e7\u00e3o integrada de promo\u00e7\u00e3o \u00e0 sa\u00fade - Porto Central","isPartOf":{"@id":"https:\/\/www.portocentral.com.br\/#website"},"primaryImageOfPage":{"@id":"https:\/\/www.portocentral.com.br\/en\/blog\/colaboradores-do-porto-central-participam-de-acao-integrada-de-promocao-a-saude\/#primaryimage"},"image":{"@id":"https:\/\/www.portocentral.com.br\/en\/blog\/colaboradores-do-porto-central-participam-de-acao-integrada-de-promocao-a-saude\/#primaryimage"},"thumbnailUrl":"https:\/\/www.portocentral.com.br\/wp-content\/uploads\/2025\/12\/IMG_5274-scaled.jpg","datePublished":"2025-12-08T17:39:11+00:00","dateModified":"2025-12-08T17:43:15+00:00","author":{"@id":"https:\/\/www.portocentral.com.br\/#\/schema\/person\/9c74e456aa9f17c1556873d18fe8352d"},"breadcrumb":{"@id":"https:\/\/www.portocentral.com.br\/en\/blog\/colaboradores-do-porto-central-participam-de-acao-integrada-de-promocao-a-saude\/#breadcrumb"},"inLanguage":"en-US","potentialAction":[{"@type":"ReadAction","target":["https:\/\/www.portocentral.com.br\/en\/blog\/colaboradores-do-porto-central-participam-de-acao-integrada-de-promocao-a-saude\/"]}]},{"@type":"ImageObject","inLanguage":"en-US","@id":"https:\/\/www.portocentral.com.br\/en\/blog\/colaboradores-do-porto-central-participam-de-acao-integrada-de-promocao-a-saude\/#primaryimage","url":"https:\/\/www.portocentral.com.br\/wp-content\/uploads\/2025\/12\/IMG_5274-scaled.jpg","contentUrl":"https:\/\/www.portocentral.com.br\/wp-content\/uploads\/2025\/12\/IMG_5274-scaled.jpg","width":2560,"height":1202},{"@type":"BreadcrumbList","@id":"https:\/\/www.portocentral.com.br\/en\/blog\/colaboradores-do-porto-central-participam-de-acao-integrada-de-promocao-a-saude\/#breadcrumb","itemListElement":[{"@type":"ListItem","position":1,"name":"In\u00edcio","item":"https:\/\/www.portocentral.com.br\/"},{"@type":"ListItem","position":2,"name":"Colaboradores do Porto Central participam de a\u00e7\u00e3o integrada de promo\u00e7\u00e3o \u00e0 sa\u00fade"}]},{"@type":"WebSite","@id":"https:\/\/www.portocentral.com.br\/#website","url":"https:\/\/www.portocentral.com.br\/","name":"Porto Central","description":"uma inovadora solu\u00e7\u00e3o log\u00edstica","potentialAction":[{"@type":"SearchAction","target":{"@type":"EntryPoint","urlTemplate":"https:\/\/www.portocentral.com.br\/?s={search_term_string}"},"query-input":"required name=search_term_string"}],"inLanguage":"en-US"},{"@type":"Person","@id":"https:\/\/www.portocentral.com.br\/#\/schema\/person\/9c74e456aa9f17c1556873d18fe8352d","name":"Dani Klein","image":{"@type":"ImageObject","inLanguage":"en-US","@id":"https:\/\/www.portocentral.com.br\/#\/schema\/person\/image\/","url":"https:\/\/secure.gravatar.com\/avatar\/2e16ed30a1d1abdde42add3583a961aa?s=96&d=mm&r=g","contentUrl":"https:\/\/secure.gravatar.com\/avatar\/2e16ed30a1d1abdde42add3583a961aa?s=96&d=mm&r=g","caption":"Dani Klein"},"sameAs":["http:\/\/kickgroup.com.br"],"url":"https:\/\/www.portocentral.com.br\/en\/blog\/author\/dani-klein\/"}]}},"_links":{"self":[{"href":"https:\/\/www.portocentral.com.br\/en\/wp-json\/wp\/v2\/posts\/12981"}],"collection":[{"href":"https:\/\/www.portocentral.com.br\/en\/wp-json\/wp\/v2\/posts"}],"about":[{"href":"https:\/\/www.portocentral.com.br\/en\/wp-json\/wp\/v2\/types\/post"}],"author":[{"embeddable":true,"href":"https:\/\/www.portocentral.com.br\/en\/wp-json\/wp\/v2\/users\/2"}],"replies":[{"embeddable":true,"href":"https:\/\/www.portocentral.com.br\/en\/wp-json\/wp\/v2\/comments?post=12981"}],"version-history":[{"count":5,"href":"https:\/\/www.portocentral.com.br\/en\/wp-json\/wp\/v2\/posts\/12981\/revisions"}],"predecessor-version":[{"id":12988,"href":"https:\/\/www.portocentral.com.br\/en\/wp-json\/wp\/v2\/posts\/12981\/revisions\/12988"}],"wp:featuredmedia":[{"embeddable":true,"href":"https:\/\/www.portocentral.com.br\/en\/wp-json\/wp\/v2\/media\/12983"}],"wp:attachment":[{"href":"https:\/\/www.portocentral.com.br\/en\/wp-json\/wp\/v2\/media?parent=12981"}],"wp:term":[{"taxonomy":"category","embeddable":true,"href":"https:\/\/www.portocentral.com.br\/en\/wp-json\/wp\/v2\/categories?post=12981"},{"taxonomy":"post_tag","embeddable":true,"href":"https:\/\/www.portocentral.com.br\/en\/wp-json\/wp\/v2\/tags?post=12981"}],"curies":[{"name":"wp","href":"https:\/\/api.w.org\/{rel}","templated":true}]}}