{"id":12989,"date":"2025-12-10T10:47:33","date_gmt":"2025-12-10T13:47:33","guid":{"rendered":"https:\/\/www.portocentral.com.br\/?p=12989"},"modified":"2025-12-10T10:51:27","modified_gmt":"2025-12-10T13:51:27","slug":"obras-do-porto-central-avancam-com-novas-etapas-de-transporte-e-deposito-de-rochas","status":"publish","type":"post","link":"https:\/\/www.portocentral.com.br\/en\/blog\/obras-do-porto-central-avancam-com-novas-etapas-de-transporte-e-deposito-de-rochas\/","title":{"rendered":"Porto Central advances construction with new stages of rock transportation and stockpiling"},"content":{"rendered":"<p><i><span style=\"font-weight: 400;\">The project continues to advance with essential steps toward building the future port infrastructure.\u00a0<\/span><\/i><\/p>\n<p><span style=\"font-weight: 400;\">Porto Central is moving forward with the implementation of its infrastructure, supported by the continuous operation of the quarry and new stages of rock loading, transport, and stockpiling the rock material in the port\u2019s construction site.\u00a0<\/span><\/p>\n<p><span style=\"font-weight: 400;\">The quarry is fully operational, with constant production of rock blocks that meet the technical standards required for the construction of the breakwater,  an essential structure for ensuring the safety of vessels and the terminal\u2019s future operations.<\/span><\/p>\n<p><span style=\"font-weight: 400;\">The rocks are transported from the quarry to the port site by trucks that follow a predefined and properly licensed route. The access roads used along this route have undergone structural improvements made possible by Porto Central, in partnership with the Municipality of Presidente Kennedy, including widening, fencing, signage, and specific preparation for heavy traffic. These measures ensure road safety, better traffic flow, and operational and environmental reliability.<\/span><\/p>\n<p><span style=\"font-weight: 400;\">Upon arrival at the construction site, the rocks are unloaded and organized in designated storage areas, where they remain ready for use in the breakwater\u2019s construction.<\/span><\/p>\n<p><span style=\"font-weight: 400;\">Each stage of the works is planned with technical rigor, carried out by qualified teams, and permanently monitored, always in full compliance with environmental licenses. This management model ensures safety, logistical efficiency, and socio-environmental responsibility.\u00a0<\/span><\/p>\n<p><span style=\"font-weight: 400;\">The progress of these activities represents another concrete step toward building a modern and safe port prepared to meet the country\u2019s long-term logistical and development demands.\u00a0<\/span><\/p>\n<p><img decoding=\"async\" loading=\"lazy\" class=\"aligncenter size-full wp-image-12991\" src=\"http:\/\/www.portocentral.com.br\/wp-content\/uploads\/2025\/12\/image004.jpg\" alt=\"\" width=\"564\" height=\"358\" srcset=\"https:\/\/www.portocentral.com.br\/wp-content\/uploads\/2025\/12\/image004.jpg 564w, https:\/\/www.portocentral.com.br\/wp-content\/uploads\/2025\/12\/image004-400x254.jpg 400w, https:\/\/www.portocentral.com.br\/wp-content\/uploads\/2025\/12\/image004-367x233.jpg 367w\" sizes=\"(max-width: 564px) 100vw, 564px\" \/><\/p>\n<h4><b>A Milestone to Celebrate: One Year of Porto Central\u2019s Construction<\/b><\/h4>\n<p><span style=\"font-weight: 400;\">On December 4, Porto Central celebrated one year since the beginning of its construction works \u2014 a period that established the first pillars of one of the largest port complexes currently under development in Brazil.\u00a0<\/span><\/p>\n<p><span style=\"font-weight: 400;\">With deep waters reaching up to 25 meters, Porto Central will be able to receive the largest vessels in the world and handle a wide variety of cargo, including oil, natural gas, energy, offshore support, grains, fertilizers, minerals, containers, and general cargo, among others. This positions Esp\u00edrito Santo at a new level of logistical relevance.<\/span><\/p>\n<p><span style=\"font-weight: 400;\">The liquid bulk terminal in Phase 1 will feature deep-water access and the capacity to receive large vessels such as VLCCs (Very Large Crude Carriers), offering greater efficiency, predictability, and safety for Brazil\u2019s oil export operations.\u00a0<\/span><\/p>\n<p><span style=\"font-weight: 400;\">As part of the Growth Acceleration Program (PAC), Porto Central is consolidating itself as a strategic project to drive regional development, strengthen Brazil\u2019s logistics infrastructure, and attract new investments to the state.<\/span><\/p>\n<p><span style=\"font-weight: 400;\">This first year of construction marks the beginning of an economic and social transformation that will expand in the years to come, reflecting the project\u2019s commitment to sustainable development, innovation, and the generation of opportunities.<\/span><\/p>\n<p>&nbsp;<\/p>","protected":false},"excerpt":{"rendered":"<p>O empreendimento segue avan\u00e7ando com a realiza\u00e7\u00e3o de etapas essenciais para a constru\u00e7\u00e3o da futura infraestrutura portu\u00e1ria.\u00a0 O Porto Central segue avan\u00e7ando na implanta\u00e7\u00e3o da sua infraestrutura, com a opera\u00e7\u00e3o cont\u00ednua da pedreira e novas etapas de carregamento, transporte e dep\u00f3sito das rochas no canteiro de obras do porto.\u00a0 A pedreira encontra-se em plena opera\u00e7\u00e3o, [&hellip;]<\/p>","protected":false},"author":2,"featured_media":12990,"comment_status":"open","ping_status":"open","sticky":false,"template":"","format":"standard","meta":{"footnotes":""},"categories":[61,59,62,3],"tags":[],"acf":[],"featured_image_src":{"landsacpe":["https:\/\/www.portocentral.com.br\/wp-content\/uploads\/2025\/12\/image005.jpg",658,359,false],"list":["https:\/\/www.portocentral.com.br\/wp-content\/uploads\/2025\/12\/image005-463x348.jpg",463,348,true],"medium":["https:\/\/www.portocentral.com.br\/wp-content\/uploads\/2025\/12\/image005-300x164.jpg",300,164,true],"full":["https:\/\/www.portocentral.com.br\/wp-content\/uploads\/2025\/12\/image005.jpg",658,359,false]},"yoast_head":"<!-- This site is optimized with the Yoast SEO plugin v22.4 - https:\/\/yoast.com\/wordpress\/plugins\/seo\/ -->\n<title>Obras do Porto Central avan\u00e7am com novas etapas de transporte e dep\u00f3sito de rochas - Porto Central<\/title>\n<meta name=\"robots\" content=\"index, follow, max-snippet:-1, max-image-preview:large, max-video-preview:-1\" \/>\n<link rel=\"canonical\" href=\"https:\/\/www.portocentral.com.br\/en\/blog\/obras-do-porto-central-avancam-com-novas-etapas-de-transporte-e-deposito-de-rochas\/\" \/>\n<meta property=\"og:locale\" content=\"en_US\" \/>\n<meta property=\"og:type\" content=\"article\" \/>\n<meta property=\"og:title\" content=\"Obras do Porto Central avan\u00e7am com novas etapas de transporte e dep\u00f3sito de rochas - Porto Central\" \/>\n<meta property=\"og:description\" content=\"O empreendimento segue avan\u00e7ando com a realiza\u00e7\u00e3o de etapas essenciais para a constru\u00e7\u00e3o da futura infraestrutura portu\u00e1ria.\u00a0 O Porto Central segue avan\u00e7ando na implanta\u00e7\u00e3o da sua infraestrutura, com a opera\u00e7\u00e3o cont\u00ednua da pedreira e novas etapas de carregamento, transporte e dep\u00f3sito das rochas no canteiro de obras do porto.\u00a0 A pedreira encontra-se em plena opera\u00e7\u00e3o, [&hellip;]\" \/>\n<meta property=\"og:url\" content=\"https:\/\/www.portocentral.com.br\/en\/blog\/obras-do-porto-central-avancam-com-novas-etapas-de-transporte-e-deposito-de-rochas\/\" \/>\n<meta property=\"og:site_name\" content=\"Porto Central\" \/>\n<meta property=\"article:published_time\" content=\"2025-12-10T13:47:33+00:00\" \/>\n<meta property=\"article:modified_time\" content=\"2025-12-10T13:51:27+00:00\" \/>\n<meta property=\"og:image\" content=\"https:\/\/www.portocentral.com.br\/wp-content\/uploads\/2025\/12\/image005.jpg\" \/>\n\t<meta property=\"og:image:width\" content=\"658\" \/>\n\t<meta property=\"og:image:height\" content=\"359\" \/>\n\t<meta property=\"og:image:type\" content=\"image\/jpeg\" \/>\n<meta name=\"author\" content=\"Dani Klein\" \/>\n<meta name=\"twitter:card\" content=\"summary_large_image\" \/>\n<meta name=\"twitter:label1\" content=\"Written by\" \/>\n\t<meta name=\"twitter:data1\" content=\"Dani Klein\" \/>\n\t<meta name=\"twitter:label2\" content=\"Est. reading time\" \/>\n\t<meta name=\"twitter:data2\" content=\"3 minutes\" \/>\n<script type=\"application\/ld+json\" class=\"yoast-schema-graph\">{\"@context\":\"https:\/\/schema.org\",\"@graph\":[{\"@type\":\"WebPage\",\"@id\":\"https:\/\/www.portocentral.com.br\/blog\/obras-do-porto-central-avancam-com-novas-etapas-de-transporte-e-deposito-de-rochas\/\",\"url\":\"https:\/\/www.portocentral.com.br\/blog\/obras-do-porto-central-avancam-com-novas-etapas-de-transporte-e-deposito-de-rochas\/\",\"name\":\"Obras do Porto Central avan\u00e7am com novas etapas de transporte e dep\u00f3sito de rochas - Porto Central\",\"isPartOf\":{\"@id\":\"https:\/\/www.portocentral.com.br\/#website\"},\"primaryImageOfPage\":{\"@id\":\"https:\/\/www.portocentral.com.br\/blog\/obras-do-porto-central-avancam-com-novas-etapas-de-transporte-e-deposito-de-rochas\/#primaryimage\"},\"image\":{\"@id\":\"https:\/\/www.portocentral.com.br\/blog\/obras-do-porto-central-avancam-com-novas-etapas-de-transporte-e-deposito-de-rochas\/#primaryimage\"},\"thumbnailUrl\":\"https:\/\/www.portocentral.com.br\/wp-content\/uploads\/2025\/12\/image005.jpg\",\"datePublished\":\"2025-12-10T13:47:33+00:00\",\"dateModified\":\"2025-12-10T13:51:27+00:00\",\"author\":{\"@id\":\"https:\/\/www.portocentral.com.br\/#\/schema\/person\/9c74e456aa9f17c1556873d18fe8352d\"},\"breadcrumb\":{\"@id\":\"https:\/\/www.portocentral.com.br\/blog\/obras-do-porto-central-avancam-com-novas-etapas-de-transporte-e-deposito-de-rochas\/#breadcrumb\"},\"inLanguage\":\"en-US\",\"potentialAction\":[{\"@type\":\"ReadAction\",\"target\":[\"https:\/\/www.portocentral.com.br\/blog\/obras-do-porto-central-avancam-com-novas-etapas-de-transporte-e-deposito-de-rochas\/\"]}]},{\"@type\":\"ImageObject\",\"inLanguage\":\"en-US\",\"@id\":\"https:\/\/www.portocentral.com.br\/blog\/obras-do-porto-central-avancam-com-novas-etapas-de-transporte-e-deposito-de-rochas\/#primaryimage\",\"url\":\"https:\/\/www.portocentral.com.br\/wp-content\/uploads\/2025\/12\/image005.jpg\",\"contentUrl\":\"https:\/\/www.portocentral.com.br\/wp-content\/uploads\/2025\/12\/image005.jpg\",\"width\":658,\"height\":359},{\"@type\":\"BreadcrumbList\",\"@id\":\"https:\/\/www.portocentral.com.br\/blog\/obras-do-porto-central-avancam-com-novas-etapas-de-transporte-e-deposito-de-rochas\/#breadcrumb\",\"itemListElement\":[{\"@type\":\"ListItem\",\"position\":1,\"name\":\"In\u00edcio\",\"item\":\"https:\/\/www.portocentral.com.br\/\"},{\"@type\":\"ListItem\",\"position\":2,\"name\":\"Obras do Porto Central avan\u00e7am com novas etapas de transporte e dep\u00f3sito de rochas\"}]},{\"@type\":\"WebSite\",\"@id\":\"https:\/\/www.portocentral.com.br\/#website\",\"url\":\"https:\/\/www.portocentral.com.br\/\",\"name\":\"Porto Central\",\"description\":\"uma inovadora solu\u00e7\u00e3o log\u00edstica\",\"potentialAction\":[{\"@type\":\"SearchAction\",\"target\":{\"@type\":\"EntryPoint\",\"urlTemplate\":\"https:\/\/www.portocentral.com.br\/?s={search_term_string}\"},\"query-input\":\"required name=search_term_string\"}],\"inLanguage\":\"en-US\"},{\"@type\":\"Person\",\"@id\":\"https:\/\/www.portocentral.com.br\/#\/schema\/person\/9c74e456aa9f17c1556873d18fe8352d\",\"name\":\"Dani Klein\",\"image\":{\"@type\":\"ImageObject\",\"inLanguage\":\"en-US\",\"@id\":\"https:\/\/www.portocentral.com.br\/#\/schema\/person\/image\/\",\"url\":\"https:\/\/secure.gravatar.com\/avatar\/2e16ed30a1d1abdde42add3583a961aa?s=96&d=mm&r=g\",\"contentUrl\":\"https:\/\/secure.gravatar.com\/avatar\/2e16ed30a1d1abdde42add3583a961aa?s=96&d=mm&r=g\",\"caption\":\"Dani Klein\"},\"sameAs\":[\"http:\/\/kickgroup.com.br\"],\"url\":\"https:\/\/www.portocentral.com.br\/en\/blog\/author\/dani-klein\/\"}]}<\/script>\n<!-- \/ Yoast SEO plugin. -->","yoast_head_json":{"title":"Obras do Porto Central avan\u00e7am com novas etapas de transporte e dep\u00f3sito de rochas - Porto Central","robots":{"index":"index","follow":"follow","max-snippet":"max-snippet:-1","max-image-preview":"max-image-preview:large","max-video-preview":"max-video-preview:-1"},"canonical":"https:\/\/www.portocentral.com.br\/en\/blog\/obras-do-porto-central-avancam-com-novas-etapas-de-transporte-e-deposito-de-rochas\/","og_locale":"en_US","og_type":"article","og_title":"Obras do Porto Central avan\u00e7am com novas etapas de transporte e dep\u00f3sito de rochas - Porto Central","og_description":"O empreendimento segue avan\u00e7ando com a realiza\u00e7\u00e3o de etapas essenciais para a constru\u00e7\u00e3o da futura infraestrutura portu\u00e1ria.\u00a0 O Porto Central segue avan\u00e7ando na implanta\u00e7\u00e3o da sua infraestrutura, com a opera\u00e7\u00e3o cont\u00ednua da pedreira e novas etapas de carregamento, transporte e dep\u00f3sito das rochas no canteiro de obras do porto.\u00a0 A pedreira encontra-se em plena opera\u00e7\u00e3o, [&hellip;]","og_url":"https:\/\/www.portocentral.com.br\/en\/blog\/obras-do-porto-central-avancam-com-novas-etapas-de-transporte-e-deposito-de-rochas\/","og_site_name":"Porto Central","article_published_time":"2025-12-10T13:47:33+00:00","article_modified_time":"2025-12-10T13:51:27+00:00","og_image":[{"width":658,"height":359,"url":"https:\/\/www.portocentral.com.br\/wp-content\/uploads\/2025\/12\/image005.jpg","type":"image\/jpeg"}],"author":"Dani Klein","twitter_card":"summary_large_image","twitter_misc":{"Written by":"Dani Klein","Est. reading time":"3 minutes"},"schema":{"@context":"https:\/\/schema.org","@graph":[{"@type":"WebPage","@id":"https:\/\/www.portocentral.com.br\/blog\/obras-do-porto-central-avancam-com-novas-etapas-de-transporte-e-deposito-de-rochas\/","url":"https:\/\/www.portocentral.com.br\/blog\/obras-do-porto-central-avancam-com-novas-etapas-de-transporte-e-deposito-de-rochas\/","name":"Obras do Porto Central avan\u00e7am com novas etapas de transporte e dep\u00f3sito de rochas - Porto Central","isPartOf":{"@id":"https:\/\/www.portocentral.com.br\/#website"},"primaryImageOfPage":{"@id":"https:\/\/www.portocentral.com.br\/blog\/obras-do-porto-central-avancam-com-novas-etapas-de-transporte-e-deposito-de-rochas\/#primaryimage"},"image":{"@id":"https:\/\/www.portocentral.com.br\/blog\/obras-do-porto-central-avancam-com-novas-etapas-de-transporte-e-deposito-de-rochas\/#primaryimage"},"thumbnailUrl":"https:\/\/www.portocentral.com.br\/wp-content\/uploads\/2025\/12\/image005.jpg","datePublished":"2025-12-10T13:47:33+00:00","dateModified":"2025-12-10T13:51:27+00:00","author":{"@id":"https:\/\/www.portocentral.com.br\/#\/schema\/person\/9c74e456aa9f17c1556873d18fe8352d"},"breadcrumb":{"@id":"https:\/\/www.portocentral.com.br\/blog\/obras-do-porto-central-avancam-com-novas-etapas-de-transporte-e-deposito-de-rochas\/#breadcrumb"},"inLanguage":"en-US","potentialAction":[{"@type":"ReadAction","target":["https:\/\/www.portocentral.com.br\/blog\/obras-do-porto-central-avancam-com-novas-etapas-de-transporte-e-deposito-de-rochas\/"]}]},{"@type":"ImageObject","inLanguage":"en-US","@id":"https:\/\/www.portocentral.com.br\/blog\/obras-do-porto-central-avancam-com-novas-etapas-de-transporte-e-deposito-de-rochas\/#primaryimage","url":"https:\/\/www.portocentral.com.br\/wp-content\/uploads\/2025\/12\/image005.jpg","contentUrl":"https:\/\/www.portocentral.com.br\/wp-content\/uploads\/2025\/12\/image005.jpg","width":658,"height":359},{"@type":"BreadcrumbList","@id":"https:\/\/www.portocentral.com.br\/blog\/obras-do-porto-central-avancam-com-novas-etapas-de-transporte-e-deposito-de-rochas\/#breadcrumb","itemListElement":[{"@type":"ListItem","position":1,"name":"In\u00edcio","item":"https:\/\/www.portocentral.com.br\/"},{"@type":"ListItem","position":2,"name":"Obras do Porto Central avan\u00e7am com novas etapas de transporte e dep\u00f3sito de rochas"}]},{"@type":"WebSite","@id":"https:\/\/www.portocentral.com.br\/#website","url":"https:\/\/www.portocentral.com.br\/","name":"Porto Central","description":"uma inovadora solu\u00e7\u00e3o log\u00edstica","potentialAction":[{"@type":"SearchAction","target":{"@type":"EntryPoint","urlTemplate":"https:\/\/www.portocentral.com.br\/?s={search_term_string}"},"query-input":"required name=search_term_string"}],"inLanguage":"en-US"},{"@type":"Person","@id":"https:\/\/www.portocentral.com.br\/#\/schema\/person\/9c74e456aa9f17c1556873d18fe8352d","name":"Dani Klein","image":{"@type":"ImageObject","inLanguage":"en-US","@id":"https:\/\/www.portocentral.com.br\/#\/schema\/person\/image\/","url":"https:\/\/secure.gravatar.com\/avatar\/2e16ed30a1d1abdde42add3583a961aa?s=96&d=mm&r=g","contentUrl":"https:\/\/secure.gravatar.com\/avatar\/2e16ed30a1d1abdde42add3583a961aa?s=96&d=mm&r=g","caption":"Dani Klein"},"sameAs":["http:\/\/kickgroup.com.br"],"url":"https:\/\/www.portocentral.com.br\/en\/blog\/author\/dani-klein\/"}]}},"_links":{"self":[{"href":"https:\/\/www.portocentral.com.br\/en\/wp-json\/wp\/v2\/posts\/12989"}],"collection":[{"href":"https:\/\/www.portocentral.com.br\/en\/wp-json\/wp\/v2\/posts"}],"about":[{"href":"https:\/\/www.portocentral.com.br\/en\/wp-json\/wp\/v2\/types\/post"}],"author":[{"embeddable":true,"href":"https:\/\/www.portocentral.com.br\/en\/wp-json\/wp\/v2\/users\/2"}],"replies":[{"embeddable":true,"href":"https:\/\/www.portocentral.com.br\/en\/wp-json\/wp\/v2\/comments?post=12989"}],"version-history":[{"count":6,"href":"https:\/\/www.portocentral.com.br\/en\/wp-json\/wp\/v2\/posts\/12989\/revisions"}],"predecessor-version":[{"id":12997,"href":"https:\/\/www.portocentral.com.br\/en\/wp-json\/wp\/v2\/posts\/12989\/revisions\/12997"}],"wp:featuredmedia":[{"embeddable":true,"href":"https:\/\/www.portocentral.com.br\/en\/wp-json\/wp\/v2\/media\/12990"}],"wp:attachment":[{"href":"https:\/\/www.portocentral.com.br\/en\/wp-json\/wp\/v2\/media?parent=12989"}],"wp:term":[{"taxonomy":"category","embeddable":true,"href":"https:\/\/www.portocentral.com.br\/en\/wp-json\/wp\/v2\/categories?post=12989"},{"taxonomy":"post_tag","embeddable":true,"href":"https:\/\/www.portocentral.com.br\/en\/wp-json\/wp\/v2\/tags?post=12989"}],"curies":[{"name":"wp","href":"https:\/\/api.w.org\/{rel}","templated":true}]}}