{"id":13033,"date":"2026-03-04T14:27:10","date_gmt":"2026-03-04T17:27:10","guid":{"rendered":"https:\/\/www.portocentral.com.br\/?p=13033"},"modified":"2026-03-04T14:30:08","modified_gmt":"2026-03-04T17:30:08","slug":"porto-central-apresenta-resultados-do-monitoramento-socioeconomico-a-campoc","status":"publish","type":"post","link":"https:\/\/www.portocentral.com.br\/en\/blog\/porto-central-apresenta-resultados-do-monitoramento-socioeconomico-a-campoc\/","title":{"rendered":"Porto Central Presents Socioeconomic Monitoring Results to CAMPOC"},"content":{"rendered":"<p><span style=\"font-weight: 400;\">Last month, Porto Central held an online meeting to present the updated diagnosis of the Socioeconomic Monitoring Program (PMSE), within the framework of CAMPOC \u2013 Monitoring Commission of the Socioeconomic Monitoring Program<\/span><\/p>\n<p><span style=\"font-weight: 400;\">The meeting aimed to share the consolidated results for the second half of 2025 (July to December), reinforcing the project\u2019s commitment to transparency, continuous impact monitoring, and structured institutional dialogue.<\/span><\/p>\n<p><span style=\"font-weight: 400;\">The monitoring covered information on:<\/span><\/p>\n<ul>\n<li><span style=\"font-weight: 400;\">The profile and distribution of local and non-local workforce across the municipalities within the Direct Area of Influence (DAI);<\/span><\/li>\n<\/ul>\n<ul>\n<li><span style=\"font-weight: 400;\">Socioeconomic indicators, including data on health, education, formal employment, municipal revenues, agricultural production, public safety, and social development;<\/span><\/li>\n<\/ul>\n<ul>\n<li><span style=\"font-weight: 400;\">Land use and land occupation dynamics, highlighting changes related to agriculture and urban expansion;<\/span><\/li>\n<\/ul>\n<ul>\n<li><span style=\"font-weight: 400;\">Results of the Citizens\u2019 Values Assessment (CVA), a tool that supports the monitoring of social perception within the territory.<\/span><\/li>\n<\/ul>\n<p><span style=\"font-weight: 400;\">The meeting brought together representatives from civil society organizations, environmental agencies, business associations, and the project\u2019s technical team.<\/span><\/p>\n<p><span style=\"font-weight: 400;\">At the end of the session, time was allocated for clarifications, contributions, and the definition of next steps, including the scheduling of the Committee\u2019s next meeting.<\/span><\/p>\n<p><span style=\"font-weight: 400;\">Through the regular meetings of the Porto Central Socioeconomic Monitoring Committee (CAMPOC), Porto Central strengthens its socio-environmental governance mechanisms, promoting systematic indicator monitoring, transparency, and collaborative engagement within its area of influence.<\/span><\/p>","protected":false},"excerpt":{"rendered":"<p>No \u00faltimo m\u00eas, o Porto Central realizou, em formato on-line, a reuni\u00e3o de apresenta\u00e7\u00e3o do diagn\u00f3stico atualizado do Programa de Monitoramento Socioecon\u00f4mico (PMSE), no \u00e2mbito do CAMPOC \u2013 Comit\u00ea de Acompanhamento e Monitoramento do Porto Central. O encontro teve como objetivo compartilhar os resultados consolidados do segundo semestre de 2025 (julho a dezembro), refor\u00e7ando o [&hellip;]<\/p>","protected":false},"author":2,"featured_media":13034,"comment_status":"open","ping_status":"open","sticky":false,"template":"","format":"standard","meta":{"footnotes":""},"categories":[72,59,3],"tags":[],"acf":[],"featured_image_src":{"landsacpe":["https:\/\/www.portocentral.com.br\/wp-content\/uploads\/2026\/03\/Campoc-imagem-blog-1140x445.jpeg",1140,445,true],"list":["https:\/\/www.portocentral.com.br\/wp-content\/uploads\/2026\/03\/Campoc-imagem-blog-463x348.jpeg",463,348,true],"medium":["https:\/\/www.portocentral.com.br\/wp-content\/uploads\/2026\/03\/Campoc-imagem-blog-300x164.jpeg",300,164,true],"full":["https:\/\/www.portocentral.com.br\/wp-content\/uploads\/2026\/03\/Campoc-imagem-blog.jpeg",1316,718,false]},"yoast_head":"<!-- This site is optimized with the Yoast SEO plugin v22.4 - https:\/\/yoast.com\/wordpress\/plugins\/seo\/ -->\n<title>Porto Central apresenta resultados do Monitoramento Socioecon\u00f4mico \u00e0 CAMPOC - Porto Central<\/title>\n<meta name=\"robots\" content=\"index, follow, max-snippet:-1, max-image-preview:large, max-video-preview:-1\" \/>\n<link rel=\"canonical\" href=\"https:\/\/www.portocentral.com.br\/en\/blog\/porto-central-apresenta-resultados-do-monitoramento-socioeconomico-a-campoc\/\" \/>\n<meta property=\"og:locale\" content=\"en_US\" \/>\n<meta property=\"og:type\" content=\"article\" \/>\n<meta property=\"og:title\" content=\"Porto Central apresenta resultados do Monitoramento Socioecon\u00f4mico \u00e0 CAMPOC - Porto Central\" \/>\n<meta property=\"og:description\" content=\"No \u00faltimo m\u00eas, o Porto Central realizou, em formato on-line, a reuni\u00e3o de apresenta\u00e7\u00e3o do diagn\u00f3stico atualizado do Programa de Monitoramento Socioecon\u00f4mico (PMSE), no \u00e2mbito do CAMPOC \u2013 Comit\u00ea de Acompanhamento e Monitoramento do Porto Central. O encontro teve como objetivo compartilhar os resultados consolidados do segundo semestre de 2025 (julho a dezembro), refor\u00e7ando o [&hellip;]\" \/>\n<meta property=\"og:url\" content=\"https:\/\/www.portocentral.com.br\/en\/blog\/porto-central-apresenta-resultados-do-monitoramento-socioeconomico-a-campoc\/\" \/>\n<meta property=\"og:site_name\" content=\"Porto Central\" \/>\n<meta property=\"article:published_time\" content=\"2026-03-04T17:27:10+00:00\" \/>\n<meta property=\"article:modified_time\" content=\"2026-03-04T17:30:08+00:00\" \/>\n<meta property=\"og:image\" content=\"http:\/\/www.portocentral.com.br\/wp-content\/uploads\/2026\/03\/Campoc-imagem-blog.jpeg\" \/>\n\t<meta property=\"og:image:width\" content=\"1316\" \/>\n\t<meta property=\"og:image:height\" content=\"718\" \/>\n\t<meta property=\"og:image:type\" content=\"image\/jpeg\" \/>\n<meta name=\"author\" content=\"Dani Klein\" \/>\n<meta name=\"twitter:card\" content=\"summary_large_image\" \/>\n<meta name=\"twitter:label1\" content=\"Written by\" \/>\n\t<meta name=\"twitter:data1\" content=\"Dani Klein\" \/>\n\t<meta name=\"twitter:label2\" content=\"Est. reading time\" \/>\n\t<meta name=\"twitter:data2\" content=\"2 minutes\" \/>\n<script type=\"application\/ld+json\" class=\"yoast-schema-graph\">{\"@context\":\"https:\/\/schema.org\",\"@graph\":[{\"@type\":\"WebPage\",\"@id\":\"https:\/\/www.portocentral.com.br\/blog\/porto-central-apresenta-resultados-do-monitoramento-socioeconomico-a-campoc\/\",\"url\":\"https:\/\/www.portocentral.com.br\/blog\/porto-central-apresenta-resultados-do-monitoramento-socioeconomico-a-campoc\/\",\"name\":\"Porto Central apresenta resultados do Monitoramento Socioecon\u00f4mico \u00e0 CAMPOC - Porto Central\",\"isPartOf\":{\"@id\":\"https:\/\/www.portocentral.com.br\/#website\"},\"primaryImageOfPage\":{\"@id\":\"https:\/\/www.portocentral.com.br\/blog\/porto-central-apresenta-resultados-do-monitoramento-socioeconomico-a-campoc\/#primaryimage\"},\"image\":{\"@id\":\"https:\/\/www.portocentral.com.br\/blog\/porto-central-apresenta-resultados-do-monitoramento-socioeconomico-a-campoc\/#primaryimage\"},\"thumbnailUrl\":\"https:\/\/www.portocentral.com.br\/wp-content\/uploads\/2026\/03\/Campoc-imagem-blog.jpeg\",\"datePublished\":\"2026-03-04T17:27:10+00:00\",\"dateModified\":\"2026-03-04T17:30:08+00:00\",\"author\":{\"@id\":\"https:\/\/www.portocentral.com.br\/#\/schema\/person\/9c74e456aa9f17c1556873d18fe8352d\"},\"breadcrumb\":{\"@id\":\"https:\/\/www.portocentral.com.br\/blog\/porto-central-apresenta-resultados-do-monitoramento-socioeconomico-a-campoc\/#breadcrumb\"},\"inLanguage\":\"en-US\",\"potentialAction\":[{\"@type\":\"ReadAction\",\"target\":[\"https:\/\/www.portocentral.com.br\/blog\/porto-central-apresenta-resultados-do-monitoramento-socioeconomico-a-campoc\/\"]}]},{\"@type\":\"ImageObject\",\"inLanguage\":\"en-US\",\"@id\":\"https:\/\/www.portocentral.com.br\/blog\/porto-central-apresenta-resultados-do-monitoramento-socioeconomico-a-campoc\/#primaryimage\",\"url\":\"https:\/\/www.portocentral.com.br\/wp-content\/uploads\/2026\/03\/Campoc-imagem-blog.jpeg\",\"contentUrl\":\"https:\/\/www.portocentral.com.br\/wp-content\/uploads\/2026\/03\/Campoc-imagem-blog.jpeg\",\"width\":1316,\"height\":718},{\"@type\":\"BreadcrumbList\",\"@id\":\"https:\/\/www.portocentral.com.br\/blog\/porto-central-apresenta-resultados-do-monitoramento-socioeconomico-a-campoc\/#breadcrumb\",\"itemListElement\":[{\"@type\":\"ListItem\",\"position\":1,\"name\":\"In\u00edcio\",\"item\":\"https:\/\/www.portocentral.com.br\/\"},{\"@type\":\"ListItem\",\"position\":2,\"name\":\"Porto Central apresenta resultados do Monitoramento Socioecon\u00f4mico \u00e0 CAMPOC\"}]},{\"@type\":\"WebSite\",\"@id\":\"https:\/\/www.portocentral.com.br\/#website\",\"url\":\"https:\/\/www.portocentral.com.br\/\",\"name\":\"Porto Central\",\"description\":\"uma inovadora solu\u00e7\u00e3o log\u00edstica\",\"potentialAction\":[{\"@type\":\"SearchAction\",\"target\":{\"@type\":\"EntryPoint\",\"urlTemplate\":\"https:\/\/www.portocentral.com.br\/?s={search_term_string}\"},\"query-input\":\"required name=search_term_string\"}],\"inLanguage\":\"en-US\"},{\"@type\":\"Person\",\"@id\":\"https:\/\/www.portocentral.com.br\/#\/schema\/person\/9c74e456aa9f17c1556873d18fe8352d\",\"name\":\"Dani Klein\",\"image\":{\"@type\":\"ImageObject\",\"inLanguage\":\"en-US\",\"@id\":\"https:\/\/www.portocentral.com.br\/#\/schema\/person\/image\/\",\"url\":\"https:\/\/secure.gravatar.com\/avatar\/2e16ed30a1d1abdde42add3583a961aa?s=96&d=mm&r=g\",\"contentUrl\":\"https:\/\/secure.gravatar.com\/avatar\/2e16ed30a1d1abdde42add3583a961aa?s=96&d=mm&r=g\",\"caption\":\"Dani Klein\"},\"sameAs\":[\"http:\/\/kickgroup.com.br\"],\"url\":\"https:\/\/www.portocentral.com.br\/en\/blog\/author\/dani-klein\/\"}]}<\/script>\n<!-- \/ Yoast SEO plugin. -->","yoast_head_json":{"title":"Porto Central apresenta resultados do Monitoramento Socioecon\u00f4mico \u00e0 CAMPOC - Porto Central","robots":{"index":"index","follow":"follow","max-snippet":"max-snippet:-1","max-image-preview":"max-image-preview:large","max-video-preview":"max-video-preview:-1"},"canonical":"https:\/\/www.portocentral.com.br\/en\/blog\/porto-central-apresenta-resultados-do-monitoramento-socioeconomico-a-campoc\/","og_locale":"en_US","og_type":"article","og_title":"Porto Central apresenta resultados do Monitoramento Socioecon\u00f4mico \u00e0 CAMPOC - Porto Central","og_description":"No \u00faltimo m\u00eas, o Porto Central realizou, em formato on-line, a reuni\u00e3o de apresenta\u00e7\u00e3o do diagn\u00f3stico atualizado do Programa de Monitoramento Socioecon\u00f4mico (PMSE), no \u00e2mbito do CAMPOC \u2013 Comit\u00ea de Acompanhamento e Monitoramento do Porto Central. O encontro teve como objetivo compartilhar os resultados consolidados do segundo semestre de 2025 (julho a dezembro), refor\u00e7ando o [&hellip;]","og_url":"https:\/\/www.portocentral.com.br\/en\/blog\/porto-central-apresenta-resultados-do-monitoramento-socioeconomico-a-campoc\/","og_site_name":"Porto Central","article_published_time":"2026-03-04T17:27:10+00:00","article_modified_time":"2026-03-04T17:30:08+00:00","og_image":[{"width":1316,"height":718,"url":"http:\/\/www.portocentral.com.br\/wp-content\/uploads\/2026\/03\/Campoc-imagem-blog.jpeg","type":"image\/jpeg"}],"author":"Dani Klein","twitter_card":"summary_large_image","twitter_misc":{"Written by":"Dani Klein","Est. reading time":"2 minutes"},"schema":{"@context":"https:\/\/schema.org","@graph":[{"@type":"WebPage","@id":"https:\/\/www.portocentral.com.br\/blog\/porto-central-apresenta-resultados-do-monitoramento-socioeconomico-a-campoc\/","url":"https:\/\/www.portocentral.com.br\/blog\/porto-central-apresenta-resultados-do-monitoramento-socioeconomico-a-campoc\/","name":"Porto Central apresenta resultados do Monitoramento Socioecon\u00f4mico \u00e0 CAMPOC - Porto Central","isPartOf":{"@id":"https:\/\/www.portocentral.com.br\/#website"},"primaryImageOfPage":{"@id":"https:\/\/www.portocentral.com.br\/blog\/porto-central-apresenta-resultados-do-monitoramento-socioeconomico-a-campoc\/#primaryimage"},"image":{"@id":"https:\/\/www.portocentral.com.br\/blog\/porto-central-apresenta-resultados-do-monitoramento-socioeconomico-a-campoc\/#primaryimage"},"thumbnailUrl":"https:\/\/www.portocentral.com.br\/wp-content\/uploads\/2026\/03\/Campoc-imagem-blog.jpeg","datePublished":"2026-03-04T17:27:10+00:00","dateModified":"2026-03-04T17:30:08+00:00","author":{"@id":"https:\/\/www.portocentral.com.br\/#\/schema\/person\/9c74e456aa9f17c1556873d18fe8352d"},"breadcrumb":{"@id":"https:\/\/www.portocentral.com.br\/blog\/porto-central-apresenta-resultados-do-monitoramento-socioeconomico-a-campoc\/#breadcrumb"},"inLanguage":"en-US","potentialAction":[{"@type":"ReadAction","target":["https:\/\/www.portocentral.com.br\/blog\/porto-central-apresenta-resultados-do-monitoramento-socioeconomico-a-campoc\/"]}]},{"@type":"ImageObject","inLanguage":"en-US","@id":"https:\/\/www.portocentral.com.br\/blog\/porto-central-apresenta-resultados-do-monitoramento-socioeconomico-a-campoc\/#primaryimage","url":"https:\/\/www.portocentral.com.br\/wp-content\/uploads\/2026\/03\/Campoc-imagem-blog.jpeg","contentUrl":"https:\/\/www.portocentral.com.br\/wp-content\/uploads\/2026\/03\/Campoc-imagem-blog.jpeg","width":1316,"height":718},{"@type":"BreadcrumbList","@id":"https:\/\/www.portocentral.com.br\/blog\/porto-central-apresenta-resultados-do-monitoramento-socioeconomico-a-campoc\/#breadcrumb","itemListElement":[{"@type":"ListItem","position":1,"name":"In\u00edcio","item":"https:\/\/www.portocentral.com.br\/"},{"@type":"ListItem","position":2,"name":"Porto Central apresenta resultados do Monitoramento Socioecon\u00f4mico \u00e0 CAMPOC"}]},{"@type":"WebSite","@id":"https:\/\/www.portocentral.com.br\/#website","url":"https:\/\/www.portocentral.com.br\/","name":"Porto Central","description":"uma inovadora solu\u00e7\u00e3o log\u00edstica","potentialAction":[{"@type":"SearchAction","target":{"@type":"EntryPoint","urlTemplate":"https:\/\/www.portocentral.com.br\/?s={search_term_string}"},"query-input":"required name=search_term_string"}],"inLanguage":"en-US"},{"@type":"Person","@id":"https:\/\/www.portocentral.com.br\/#\/schema\/person\/9c74e456aa9f17c1556873d18fe8352d","name":"Dani Klein","image":{"@type":"ImageObject","inLanguage":"en-US","@id":"https:\/\/www.portocentral.com.br\/#\/schema\/person\/image\/","url":"https:\/\/secure.gravatar.com\/avatar\/2e16ed30a1d1abdde42add3583a961aa?s=96&d=mm&r=g","contentUrl":"https:\/\/secure.gravatar.com\/avatar\/2e16ed30a1d1abdde42add3583a961aa?s=96&d=mm&r=g","caption":"Dani Klein"},"sameAs":["http:\/\/kickgroup.com.br"],"url":"https:\/\/www.portocentral.com.br\/en\/blog\/author\/dani-klein\/"}]}},"_links":{"self":[{"href":"https:\/\/www.portocentral.com.br\/en\/wp-json\/wp\/v2\/posts\/13033"}],"collection":[{"href":"https:\/\/www.portocentral.com.br\/en\/wp-json\/wp\/v2\/posts"}],"about":[{"href":"https:\/\/www.portocentral.com.br\/en\/wp-json\/wp\/v2\/types\/post"}],"author":[{"embeddable":true,"href":"https:\/\/www.portocentral.com.br\/en\/wp-json\/wp\/v2\/users\/2"}],"replies":[{"embeddable":true,"href":"https:\/\/www.portocentral.com.br\/en\/wp-json\/wp\/v2\/comments?post=13033"}],"version-history":[{"count":4,"href":"https:\/\/www.portocentral.com.br\/en\/wp-json\/wp\/v2\/posts\/13033\/revisions"}],"predecessor-version":[{"id":13038,"href":"https:\/\/www.portocentral.com.br\/en\/wp-json\/wp\/v2\/posts\/13033\/revisions\/13038"}],"wp:featuredmedia":[{"embeddable":true,"href":"https:\/\/www.portocentral.com.br\/en\/wp-json\/wp\/v2\/media\/13034"}],"wp:attachment":[{"href":"https:\/\/www.portocentral.com.br\/en\/wp-json\/wp\/v2\/media?parent=13033"}],"wp:term":[{"taxonomy":"category","embeddable":true,"href":"https:\/\/www.portocentral.com.br\/en\/wp-json\/wp\/v2\/categories?post=13033"},{"taxonomy":"post_tag","embeddable":true,"href":"https:\/\/www.portocentral.com.br\/en\/wp-json\/wp\/v2\/tags?post=13033"}],"curies":[{"name":"wp","href":"https:\/\/api.w.org\/{rel}","templated":true}]}}