{"id":13052,"date":"2026-03-17T09:16:23","date_gmt":"2026-03-17T12:16:23","guid":{"rendered":"https:\/\/www.portocentral.com.br\/?p=13052"},"modified":"2026-03-17T09:18:31","modified_gmt":"2026-03-17T12:18:31","slug":"porto-central-promove-semana-dedicada-a-prevencao-ambiental","status":"publish","type":"post","link":"https:\/\/www.portocentral.com.br\/en\/blog\/porto-central-promove-semana-dedicada-a-prevencao-ambiental\/","title":{"rendered":"Porto Central holds Environmental Prevention Week"},"content":{"rendered":"<p><span style=\"font-weight: 400;\">Between March 3 and 6, Porto Central held its 1st Environmental Accident Prevention Week, an initiative aimed at employees and service providers involved in the project\u2019s construction activities in Presidente Kennedy (ES), Brazil.<\/span><\/p>\n<p><span style=\"font-weight: 400;\">The initiative was part of Porto Central\u2019s Environmental Education Program (PEA) and aimed to strengthen a culture of prevention and environmental responsibility in the workplace, while expanding teams\u2019 knowledge of best practices and safety procedures.<\/span><\/p>\n<h3><b>A preventive culture is built every day<\/b><\/h3>\n<p><span style=\"font-weight: 400;\">The program was designed to demonstrate, in a practical way, how daily decisions, behaviors, and procedures directly influence the environmental safety of operations.<\/span><\/p>\n<p><span style=\"font-weight: 400;\">Key topics addressed throughout the week included:<\/span><\/p>\n<p>&gt; <strong>Operational Emergency Response Team (EOR) and Emergency Response Plan (ERP)<\/strong>team preparedness and rapid response capacity in situations involving environmental risk.<\/p>\n<p>&gt; <strong>Response to environmental incidents<\/strong>presentation of technical procedures and response protocols for critical situations, with the participation of specialists from Ambipar, a leading company in environmental management and emergency response.<\/p>\n<p>&gt; <strong>Wildlife Rescue Program and solid waste management<\/strong>guidance on protecting local biodiversity and preventing environmental impacts during construction activities.<\/p>\n<p>&gt; <strong>Human factors in accident causation<\/strong>reflection on how behavior, compliance with procedures, and daily decision-making directly influence the occurrence of incidents.<\/p>\n<p>The initiative reinforces the importance of active participation by all professionals involved in the project. By promoting knowledge, dialogue, and awareness, Porto Central contributes to strengthening a preventive culture in which each worker and partner plays a key role in protecting the environment and ensuring operational safety.<\/p>","protected":false},"excerpt":{"rendered":"<p>Entre os dias 3 e 6 de mar\u00e7o, o Porto Central realizou a 1\u00aa Semana de Preven\u00e7\u00e3o aos Acidentes Ambientais, iniciativa voltada aos integrantes e prestadores de servi\u00e7o que atuam nas atividades de obras do empreendimento, em Presidente Kennedy (ES). A a\u00e7\u00e3o integrou o Programa de Educa\u00e7\u00e3o Ambiental (PEA) do Porto Central e teve como [&hellip;]<\/p>","protected":false},"author":2,"featured_media":13053,"comment_status":"open","ping_status":"open","sticky":false,"template":"","format":"standard","meta":{"footnotes":""},"categories":[59,3],"tags":[],"acf":[],"featured_image_src":{"landsacpe":["https:\/\/www.portocentral.com.br\/wp-content\/uploads\/2026\/03\/IMG_6185-1140x445.jpg",1140,445,true],"list":["https:\/\/www.portocentral.com.br\/wp-content\/uploads\/2026\/03\/IMG_6185-463x348.jpg",463,348,true],"medium":["https:\/\/www.portocentral.com.br\/wp-content\/uploads\/2026\/03\/IMG_6185-300x225.jpg",300,225,true],"full":["https:\/\/www.portocentral.com.br\/wp-content\/uploads\/2026\/03\/IMG_6185-scaled.jpg",2560,1920,false]},"yoast_head":"<!-- This site is optimized with the Yoast SEO plugin v22.4 - https:\/\/yoast.com\/wordpress\/plugins\/seo\/ -->\n<title>Porto Central promove semana dedicada \u00e0 Preven\u00e7\u00e3o Ambiental - Porto Central<\/title>\n<meta name=\"robots\" content=\"index, follow, max-snippet:-1, max-image-preview:large, max-video-preview:-1\" \/>\n<link rel=\"canonical\" href=\"https:\/\/www.portocentral.com.br\/en\/blog\/porto-central-promove-semana-dedicada-a-prevencao-ambiental\/\" \/>\n<meta property=\"og:locale\" content=\"en_US\" \/>\n<meta property=\"og:type\" content=\"article\" \/>\n<meta property=\"og:title\" content=\"Porto Central promove semana dedicada \u00e0 Preven\u00e7\u00e3o Ambiental - Porto Central\" \/>\n<meta property=\"og:description\" content=\"Entre os dias 3 e 6 de mar\u00e7o, o Porto Central realizou a 1\u00aa Semana de Preven\u00e7\u00e3o aos Acidentes Ambientais, iniciativa voltada aos integrantes e prestadores de servi\u00e7o que atuam nas atividades de obras do empreendimento, em Presidente Kennedy (ES). A a\u00e7\u00e3o integrou o Programa de Educa\u00e7\u00e3o Ambiental (PEA) do Porto Central e teve como [&hellip;]\" \/>\n<meta property=\"og:url\" content=\"https:\/\/www.portocentral.com.br\/en\/blog\/porto-central-promove-semana-dedicada-a-prevencao-ambiental\/\" \/>\n<meta property=\"og:site_name\" content=\"Porto Central\" \/>\n<meta property=\"article:published_time\" content=\"2026-03-17T12:16:23+00:00\" \/>\n<meta property=\"article:modified_time\" content=\"2026-03-17T12:18:31+00:00\" \/>\n<meta property=\"og:image\" content=\"http:\/\/www.portocentral.com.br\/wp-content\/uploads\/2026\/03\/IMG_6185-scaled.jpg\" \/>\n\t<meta property=\"og:image:width\" content=\"2560\" \/>\n\t<meta property=\"og:image:height\" content=\"1920\" \/>\n\t<meta property=\"og:image:type\" content=\"image\/jpeg\" \/>\n<meta name=\"author\" content=\"Dani Klein\" \/>\n<meta name=\"twitter:card\" content=\"summary_large_image\" \/>\n<meta name=\"twitter:label1\" content=\"Written by\" \/>\n\t<meta name=\"twitter:data1\" content=\"Dani Klein\" \/>\n\t<meta name=\"twitter:label2\" content=\"Est. reading time\" \/>\n\t<meta name=\"twitter:data2\" content=\"2 minutes\" \/>\n<script type=\"application\/ld+json\" class=\"yoast-schema-graph\">{\"@context\":\"https:\/\/schema.org\",\"@graph\":[{\"@type\":\"WebPage\",\"@id\":\"https:\/\/www.portocentral.com.br\/blog\/porto-central-promove-semana-dedicada-a-prevencao-ambiental\/\",\"url\":\"https:\/\/www.portocentral.com.br\/blog\/porto-central-promove-semana-dedicada-a-prevencao-ambiental\/\",\"name\":\"Porto Central promove semana dedicada \u00e0 Preven\u00e7\u00e3o Ambiental - Porto Central\",\"isPartOf\":{\"@id\":\"https:\/\/www.portocentral.com.br\/#website\"},\"primaryImageOfPage\":{\"@id\":\"https:\/\/www.portocentral.com.br\/blog\/porto-central-promove-semana-dedicada-a-prevencao-ambiental\/#primaryimage\"},\"image\":{\"@id\":\"https:\/\/www.portocentral.com.br\/blog\/porto-central-promove-semana-dedicada-a-prevencao-ambiental\/#primaryimage\"},\"thumbnailUrl\":\"https:\/\/www.portocentral.com.br\/wp-content\/uploads\/2026\/03\/IMG_6185-scaled.jpg\",\"datePublished\":\"2026-03-17T12:16:23+00:00\",\"dateModified\":\"2026-03-17T12:18:31+00:00\",\"author\":{\"@id\":\"https:\/\/www.portocentral.com.br\/#\/schema\/person\/9c74e456aa9f17c1556873d18fe8352d\"},\"breadcrumb\":{\"@id\":\"https:\/\/www.portocentral.com.br\/blog\/porto-central-promove-semana-dedicada-a-prevencao-ambiental\/#breadcrumb\"},\"inLanguage\":\"en-US\",\"potentialAction\":[{\"@type\":\"ReadAction\",\"target\":[\"https:\/\/www.portocentral.com.br\/blog\/porto-central-promove-semana-dedicada-a-prevencao-ambiental\/\"]}]},{\"@type\":\"ImageObject\",\"inLanguage\":\"en-US\",\"@id\":\"https:\/\/www.portocentral.com.br\/blog\/porto-central-promove-semana-dedicada-a-prevencao-ambiental\/#primaryimage\",\"url\":\"https:\/\/www.portocentral.com.br\/wp-content\/uploads\/2026\/03\/IMG_6185-scaled.jpg\",\"contentUrl\":\"https:\/\/www.portocentral.com.br\/wp-content\/uploads\/2026\/03\/IMG_6185-scaled.jpg\",\"width\":2560,\"height\":1920},{\"@type\":\"BreadcrumbList\",\"@id\":\"https:\/\/www.portocentral.com.br\/blog\/porto-central-promove-semana-dedicada-a-prevencao-ambiental\/#breadcrumb\",\"itemListElement\":[{\"@type\":\"ListItem\",\"position\":1,\"name\":\"In\u00edcio\",\"item\":\"https:\/\/www.portocentral.com.br\/\"},{\"@type\":\"ListItem\",\"position\":2,\"name\":\"Porto Central promove semana dedicada \u00e0 Preven\u00e7\u00e3o Ambiental\"}]},{\"@type\":\"WebSite\",\"@id\":\"https:\/\/www.portocentral.com.br\/#website\",\"url\":\"https:\/\/www.portocentral.com.br\/\",\"name\":\"Porto Central\",\"description\":\"uma inovadora solu\u00e7\u00e3o log\u00edstica\",\"potentialAction\":[{\"@type\":\"SearchAction\",\"target\":{\"@type\":\"EntryPoint\",\"urlTemplate\":\"https:\/\/www.portocentral.com.br\/?s={search_term_string}\"},\"query-input\":\"required name=search_term_string\"}],\"inLanguage\":\"en-US\"},{\"@type\":\"Person\",\"@id\":\"https:\/\/www.portocentral.com.br\/#\/schema\/person\/9c74e456aa9f17c1556873d18fe8352d\",\"name\":\"Dani Klein\",\"image\":{\"@type\":\"ImageObject\",\"inLanguage\":\"en-US\",\"@id\":\"https:\/\/www.portocentral.com.br\/#\/schema\/person\/image\/\",\"url\":\"https:\/\/secure.gravatar.com\/avatar\/2e16ed30a1d1abdde42add3583a961aa?s=96&d=mm&r=g\",\"contentUrl\":\"https:\/\/secure.gravatar.com\/avatar\/2e16ed30a1d1abdde42add3583a961aa?s=96&d=mm&r=g\",\"caption\":\"Dani Klein\"},\"sameAs\":[\"http:\/\/kickgroup.com.br\"],\"url\":\"https:\/\/www.portocentral.com.br\/en\/blog\/author\/dani-klein\/\"}]}<\/script>\n<!-- \/ Yoast SEO plugin. -->","yoast_head_json":{"title":"Porto Central promove semana dedicada \u00e0 Preven\u00e7\u00e3o Ambiental - Porto Central","robots":{"index":"index","follow":"follow","max-snippet":"max-snippet:-1","max-image-preview":"max-image-preview:large","max-video-preview":"max-video-preview:-1"},"canonical":"https:\/\/www.portocentral.com.br\/en\/blog\/porto-central-promove-semana-dedicada-a-prevencao-ambiental\/","og_locale":"en_US","og_type":"article","og_title":"Porto Central promove semana dedicada \u00e0 Preven\u00e7\u00e3o Ambiental - Porto Central","og_description":"Entre os dias 3 e 6 de mar\u00e7o, o Porto Central realizou a 1\u00aa Semana de Preven\u00e7\u00e3o aos Acidentes Ambientais, iniciativa voltada aos integrantes e prestadores de servi\u00e7o que atuam nas atividades de obras do empreendimento, em Presidente Kennedy (ES). A a\u00e7\u00e3o integrou o Programa de Educa\u00e7\u00e3o Ambiental (PEA) do Porto Central e teve como [&hellip;]","og_url":"https:\/\/www.portocentral.com.br\/en\/blog\/porto-central-promove-semana-dedicada-a-prevencao-ambiental\/","og_site_name":"Porto Central","article_published_time":"2026-03-17T12:16:23+00:00","article_modified_time":"2026-03-17T12:18:31+00:00","og_image":[{"width":2560,"height":1920,"url":"http:\/\/www.portocentral.com.br\/wp-content\/uploads\/2026\/03\/IMG_6185-scaled.jpg","type":"image\/jpeg"}],"author":"Dani Klein","twitter_card":"summary_large_image","twitter_misc":{"Written by":"Dani Klein","Est. reading time":"2 minutes"},"schema":{"@context":"https:\/\/schema.org","@graph":[{"@type":"WebPage","@id":"https:\/\/www.portocentral.com.br\/blog\/porto-central-promove-semana-dedicada-a-prevencao-ambiental\/","url":"https:\/\/www.portocentral.com.br\/blog\/porto-central-promove-semana-dedicada-a-prevencao-ambiental\/","name":"Porto Central promove semana dedicada \u00e0 Preven\u00e7\u00e3o Ambiental - Porto Central","isPartOf":{"@id":"https:\/\/www.portocentral.com.br\/#website"},"primaryImageOfPage":{"@id":"https:\/\/www.portocentral.com.br\/blog\/porto-central-promove-semana-dedicada-a-prevencao-ambiental\/#primaryimage"},"image":{"@id":"https:\/\/www.portocentral.com.br\/blog\/porto-central-promove-semana-dedicada-a-prevencao-ambiental\/#primaryimage"},"thumbnailUrl":"https:\/\/www.portocentral.com.br\/wp-content\/uploads\/2026\/03\/IMG_6185-scaled.jpg","datePublished":"2026-03-17T12:16:23+00:00","dateModified":"2026-03-17T12:18:31+00:00","author":{"@id":"https:\/\/www.portocentral.com.br\/#\/schema\/person\/9c74e456aa9f17c1556873d18fe8352d"},"breadcrumb":{"@id":"https:\/\/www.portocentral.com.br\/blog\/porto-central-promove-semana-dedicada-a-prevencao-ambiental\/#breadcrumb"},"inLanguage":"en-US","potentialAction":[{"@type":"ReadAction","target":["https:\/\/www.portocentral.com.br\/blog\/porto-central-promove-semana-dedicada-a-prevencao-ambiental\/"]}]},{"@type":"ImageObject","inLanguage":"en-US","@id":"https:\/\/www.portocentral.com.br\/blog\/porto-central-promove-semana-dedicada-a-prevencao-ambiental\/#primaryimage","url":"https:\/\/www.portocentral.com.br\/wp-content\/uploads\/2026\/03\/IMG_6185-scaled.jpg","contentUrl":"https:\/\/www.portocentral.com.br\/wp-content\/uploads\/2026\/03\/IMG_6185-scaled.jpg","width":2560,"height":1920},{"@type":"BreadcrumbList","@id":"https:\/\/www.portocentral.com.br\/blog\/porto-central-promove-semana-dedicada-a-prevencao-ambiental\/#breadcrumb","itemListElement":[{"@type":"ListItem","position":1,"name":"In\u00edcio","item":"https:\/\/www.portocentral.com.br\/"},{"@type":"ListItem","position":2,"name":"Porto Central promove semana dedicada \u00e0 Preven\u00e7\u00e3o Ambiental"}]},{"@type":"WebSite","@id":"https:\/\/www.portocentral.com.br\/#website","url":"https:\/\/www.portocentral.com.br\/","name":"Porto Central","description":"uma inovadora solu\u00e7\u00e3o log\u00edstica","potentialAction":[{"@type":"SearchAction","target":{"@type":"EntryPoint","urlTemplate":"https:\/\/www.portocentral.com.br\/?s={search_term_string}"},"query-input":"required name=search_term_string"}],"inLanguage":"en-US"},{"@type":"Person","@id":"https:\/\/www.portocentral.com.br\/#\/schema\/person\/9c74e456aa9f17c1556873d18fe8352d","name":"Dani Klein","image":{"@type":"ImageObject","inLanguage":"en-US","@id":"https:\/\/www.portocentral.com.br\/#\/schema\/person\/image\/","url":"https:\/\/secure.gravatar.com\/avatar\/2e16ed30a1d1abdde42add3583a961aa?s=96&d=mm&r=g","contentUrl":"https:\/\/secure.gravatar.com\/avatar\/2e16ed30a1d1abdde42add3583a961aa?s=96&d=mm&r=g","caption":"Dani Klein"},"sameAs":["http:\/\/kickgroup.com.br"],"url":"https:\/\/www.portocentral.com.br\/en\/blog\/author\/dani-klein\/"}]}},"_links":{"self":[{"href":"https:\/\/www.portocentral.com.br\/en\/wp-json\/wp\/v2\/posts\/13052"}],"collection":[{"href":"https:\/\/www.portocentral.com.br\/en\/wp-json\/wp\/v2\/posts"}],"about":[{"href":"https:\/\/www.portocentral.com.br\/en\/wp-json\/wp\/v2\/types\/post"}],"author":[{"embeddable":true,"href":"https:\/\/www.portocentral.com.br\/en\/wp-json\/wp\/v2\/users\/2"}],"replies":[{"embeddable":true,"href":"https:\/\/www.portocentral.com.br\/en\/wp-json\/wp\/v2\/comments?post=13052"}],"version-history":[{"count":3,"href":"https:\/\/www.portocentral.com.br\/en\/wp-json\/wp\/v2\/posts\/13052\/revisions"}],"predecessor-version":[{"id":13056,"href":"https:\/\/www.portocentral.com.br\/en\/wp-json\/wp\/v2\/posts\/13052\/revisions\/13056"}],"wp:featuredmedia":[{"embeddable":true,"href":"https:\/\/www.portocentral.com.br\/en\/wp-json\/wp\/v2\/media\/13053"}],"wp:attachment":[{"href":"https:\/\/www.portocentral.com.br\/en\/wp-json\/wp\/v2\/media?parent=13052"}],"wp:term":[{"taxonomy":"category","embeddable":true,"href":"https:\/\/www.portocentral.com.br\/en\/wp-json\/wp\/v2\/categories?post=13052"},{"taxonomy":"post_tag","embeddable":true,"href":"https:\/\/www.portocentral.com.br\/en\/wp-json\/wp\/v2\/tags?post=13052"}],"curies":[{"name":"wp","href":"https:\/\/api.w.org\/{rel}","templated":true}]}}