{"id":13393,"date":"2026-09-01T08:46:38","date_gmt":"2026-09-01T11:46:38","guid":{"rendered":"https:\/\/www.portocentral.com.br\/?p=13393"},"modified":"2026-09-01T08:46:38","modified_gmt":"2026-09-01T11:46:38","slug":"porto-central-reune-municipios-para-discutir-desenvolvimento-regional","status":"publish","type":"post","link":"https:\/\/www.portocentral.com.br\/en\/blog\/porto-central-reune-municipios-para-discutir-desenvolvimento-regional\/","title":{"rendered":"Porto Central brings municipalities together to discuss regional development"},"content":{"rendered":"<p><i><span style=\"font-weight: 400;\">Meeting held at Porto Central brought together representatives from Presidente Kennedy, Marata\u00edzes and S\u00e3o Francisco de Itabapoana to share information on the economy, infrastructure and the labor market\u00a0<\/span><\/i><\/p>\n<p><span style=\"font-weight: 400;\">Last week, Porto Central held another meeting of the Socioeconomic Monitoring Program Follow-up Committee (CAMPOC) in Presidente Kennedy, Esp\u00edrito Santo. The meeting was led by Working Group 1 (WG 1), which focuses on Economy and Finance, Infrastructure and the Labor Market.<\/span><\/p>\n<p><span style=\"font-weight: 400;\">Representatives from the three municipalities within the project\u2019s Direct Area of Influence (AID) took part in the meeting: Presidente Kennedy and Marata\u00edzes, in Esp\u00edrito Santo, and S\u00e3o Francisco de Itabapoana, in Rio de Janeiro.<\/span><\/p>\n<p><span style=\"font-weight: 400;\">During the meeting, representatives shared information about their municipalities, including data related to WG 1\u2019s areas of focus. The exchange helped broaden the understanding of the characteristics, challenges and prospects of each territory, as well as the socioeconomic dynamics of the region where Porto Central is located.<\/span><\/p>\n<h4><b>Regional development on the agenda<\/b><\/h4>\n<p><span style=\"font-weight: 400;\">The meeting also featured a presentation on ParkLog Sul Capixaba, an initiative of the Esp\u00edrito Santo State Government focused on regional development and the integration of logistics, industrial and energy assets. The topic broadened the discussion on prospects for southern Esp\u00edrito Santo and their connection to the transformations monitored by CAMPOC.<\/span><\/p>\n<p><span style=\"font-weight: 400;\">Municipal participation is one of the pillars of the Committee. Sharing local information allows socioeconomic monitoring to take into account the characteristics of each territory while also identifying issues shared across the region.\u00a0<\/span><\/p>\n<p><span style=\"font-weight: 400;\">This work strengthens dialogue among Porto Central, public authorities and institutions operating in the region and contributes to monitoring socioeconomic changes in the project\u2019s Direct Area of Influence through semiannual surveys conducted as part of the Socioeconomic Monitoring Program.<\/span><\/p>\n<p><span style=\"font-weight: 400;\">The Program includes the Committee for Monitoring the Results of Socioeconomic Indicators (CAMPOC) as a democratic forum for discussing monitoring results and proposing, whenever appropriate or necessary, complementary measures to prevent negative social impacts and enhance positive ones.<\/span><\/p>\n<p>&nbsp;<\/p>\n<p><img decoding=\"async\" loading=\"lazy\" class=\"aligncenter  wp-image-13396\" src=\"http:\/\/www.portocentral.com.br\/wp-content\/uploads\/2026\/09\/IMG_8246-1-1024x768.jpeg\" alt=\"\" width=\"772\" height=\"579\" srcset=\"https:\/\/www.portocentral.com.br\/wp-content\/uploads\/2026\/09\/IMG_8246-1-768x576.jpeg 768w, https:\/\/www.portocentral.com.br\/wp-content\/uploads\/2026\/09\/IMG_8246-1-463x348.jpeg 463w, https:\/\/www.portocentral.com.br\/wp-content\/uploads\/2026\/09\/IMG_8246-1-640x480.jpeg 640w, https:\/\/www.portocentral.com.br\/wp-content\/uploads\/2026\/09\/IMG_8246-1-400x300.jpeg 400w, https:\/\/www.portocentral.com.br\/wp-content\/uploads\/2026\/09\/IMG_8246-1-367x275.jpeg 367w\" sizes=\"(max-width: 772px) 100vw, 772px\" \/><\/p>","protected":false},"excerpt":{"rendered":"<p>Encontro realizado no Porto Central reuniu representantes de Presidente Kennedy, Marata\u00edzes e S\u00e3o Francisco de Itabapoana para compartilhar informa\u00e7\u00f5es sobre economia, infraestrutura e mercado de trabalho\u00a0 O Porto Central realizou, na \u00faltima semana, mais uma reuni\u00e3o da Comiss\u00e3o de Acompanhamento do Programa de Monitoramento Socioecon\u00f4mico (CAMPOC), em Presidente Kennedy (ES). A atividade foi conduzida pelo [&hellip;]<\/p>","protected":false},"author":2,"featured_media":13395,"comment_status":"open","ping_status":"open","sticky":false,"template":"","format":"standard","meta":{"footnotes":""},"categories":[72,59,3],"tags":[],"acf":[],"featured_image_src":{"landsacpe":["https:\/\/www.portocentral.com.br\/wp-content\/uploads\/2026\/09\/IMG_8287-1140x445.jpeg",1140,445,true],"list":["https:\/\/www.portocentral.com.br\/wp-content\/uploads\/2026\/09\/IMG_8287-463x348.jpeg",463,348,true],"medium":["https:\/\/www.portocentral.com.br\/wp-content\/uploads\/2026\/09\/IMG_8287-300x188.jpeg",300,188,true],"full":["https:\/\/www.portocentral.com.br\/wp-content\/uploads\/2026\/09\/IMG_8287-scaled.jpeg",2560,1603,false]},"yoast_head":"<!-- This site is optimized with the Yoast SEO plugin v22.4 - https:\/\/yoast.com\/wordpress\/plugins\/seo\/ -->\n<title>Porto Central re\u00fane munic\u00edpios para discutir desenvolvimento regional - Porto Central<\/title>\n<meta name=\"robots\" content=\"index, follow, max-snippet:-1, max-image-preview:large, max-video-preview:-1\" \/>\n<link rel=\"canonical\" href=\"https:\/\/www.portocentral.com.br\/en\/blog\/porto-central-reune-municipios-para-discutir-desenvolvimento-regional\/\" \/>\n<meta property=\"og:locale\" content=\"en_US\" \/>\n<meta property=\"og:type\" content=\"article\" \/>\n<meta property=\"og:title\" content=\"Porto Central re\u00fane munic\u00edpios para discutir desenvolvimento regional - Porto Central\" \/>\n<meta property=\"og:description\" content=\"Encontro realizado no Porto Central reuniu representantes de Presidente Kennedy, Marata\u00edzes e S\u00e3o Francisco de Itabapoana para compartilhar informa\u00e7\u00f5es sobre economia, infraestrutura e mercado de trabalho\u00a0 O Porto Central realizou, na \u00faltima semana, mais uma reuni\u00e3o da Comiss\u00e3o de Acompanhamento do Programa de Monitoramento Socioecon\u00f4mico (CAMPOC), em Presidente Kennedy (ES). A atividade foi conduzida pelo [&hellip;]\" \/>\n<meta property=\"og:url\" content=\"https:\/\/www.portocentral.com.br\/en\/blog\/porto-central-reune-municipios-para-discutir-desenvolvimento-regional\/\" \/>\n<meta property=\"og:site_name\" content=\"Porto Central\" \/>\n<meta property=\"article:published_time\" content=\"2026-09-01T11:46:38+00:00\" \/>\n<meta property=\"og:image\" content=\"http:\/\/www.portocentral.com.br\/wp-content\/uploads\/2026\/09\/IMG_8287-scaled.jpeg\" \/>\n\t<meta property=\"og:image:width\" content=\"2560\" \/>\n\t<meta property=\"og:image:height\" content=\"1603\" \/>\n\t<meta property=\"og:image:type\" content=\"image\/jpeg\" \/>\n<meta name=\"author\" content=\"Dani Klein\" \/>\n<meta name=\"twitter:card\" content=\"summary_large_image\" \/>\n<meta name=\"twitter:label1\" content=\"Written by\" \/>\n\t<meta name=\"twitter:data1\" content=\"Dani Klein\" \/>\n\t<meta name=\"twitter:label2\" content=\"Est. reading time\" \/>\n\t<meta name=\"twitter:data2\" content=\"3 minutes\" \/>\n<script type=\"application\/ld+json\" class=\"yoast-schema-graph\">{\"@context\":\"https:\/\/schema.org\",\"@graph\":[{\"@type\":\"WebPage\",\"@id\":\"https:\/\/www.portocentral.com.br\/blog\/porto-central-reune-municipios-para-discutir-desenvolvimento-regional\/\",\"url\":\"https:\/\/www.portocentral.com.br\/blog\/porto-central-reune-municipios-para-discutir-desenvolvimento-regional\/\",\"name\":\"Porto Central re\u00fane munic\u00edpios para discutir desenvolvimento regional - Porto Central\",\"isPartOf\":{\"@id\":\"https:\/\/www.portocentral.com.br\/#website\"},\"primaryImageOfPage\":{\"@id\":\"https:\/\/www.portocentral.com.br\/blog\/porto-central-reune-municipios-para-discutir-desenvolvimento-regional\/#primaryimage\"},\"image\":{\"@id\":\"https:\/\/www.portocentral.com.br\/blog\/porto-central-reune-municipios-para-discutir-desenvolvimento-regional\/#primaryimage\"},\"thumbnailUrl\":\"https:\/\/www.portocentral.com.br\/wp-content\/uploads\/2026\/09\/IMG_8287-scaled.jpeg\",\"datePublished\":\"2026-09-01T11:46:38+00:00\",\"dateModified\":\"2026-09-01T11:46:38+00:00\",\"author\":{\"@id\":\"https:\/\/www.portocentral.com.br\/#\/schema\/person\/9c74e456aa9f17c1556873d18fe8352d\"},\"breadcrumb\":{\"@id\":\"https:\/\/www.portocentral.com.br\/blog\/porto-central-reune-municipios-para-discutir-desenvolvimento-regional\/#breadcrumb\"},\"inLanguage\":\"en-US\",\"potentialAction\":[{\"@type\":\"ReadAction\",\"target\":[\"https:\/\/www.portocentral.com.br\/blog\/porto-central-reune-municipios-para-discutir-desenvolvimento-regional\/\"]}]},{\"@type\":\"ImageObject\",\"inLanguage\":\"en-US\",\"@id\":\"https:\/\/www.portocentral.com.br\/blog\/porto-central-reune-municipios-para-discutir-desenvolvimento-regional\/#primaryimage\",\"url\":\"https:\/\/www.portocentral.com.br\/wp-content\/uploads\/2026\/09\/IMG_8287-scaled.jpeg\",\"contentUrl\":\"https:\/\/www.portocentral.com.br\/wp-content\/uploads\/2026\/09\/IMG_8287-scaled.jpeg\",\"width\":2560,\"height\":1603},{\"@type\":\"BreadcrumbList\",\"@id\":\"https:\/\/www.portocentral.com.br\/blog\/porto-central-reune-municipios-para-discutir-desenvolvimento-regional\/#breadcrumb\",\"itemListElement\":[{\"@type\":\"ListItem\",\"position\":1,\"name\":\"In\u00edcio\",\"item\":\"https:\/\/www.portocentral.com.br\/\"},{\"@type\":\"ListItem\",\"position\":2,\"name\":\"Porto Central re\u00fane munic\u00edpios para discutir desenvolvimento regional\"}]},{\"@type\":\"WebSite\",\"@id\":\"https:\/\/www.portocentral.com.br\/#website\",\"url\":\"https:\/\/www.portocentral.com.br\/\",\"name\":\"Porto Central - Complexo Industrial Portu\u00e1rio de \u00c1guas Profundas\",\"description\":\"Porto Central \u00e9 um complexo industrial portu\u00e1rio multiprop\u00f3sito em desenvolvimento no Esp\u00edrito Santo. Hub global para petr\u00f3leo, g\u00e1s, agroneg\u00f3cio, cont\u00eainer, energia renov\u00e1vel e offshore.\",\"potentialAction\":[{\"@type\":\"SearchAction\",\"target\":{\"@type\":\"EntryPoint\",\"urlTemplate\":\"https:\/\/www.portocentral.com.br\/?s={search_term_string}\"},\"query-input\":\"required name=search_term_string\"}],\"inLanguage\":\"en-US\"},{\"@type\":\"Person\",\"@id\":\"https:\/\/www.portocentral.com.br\/#\/schema\/person\/9c74e456aa9f17c1556873d18fe8352d\",\"name\":\"Dani Klein\",\"image\":{\"@type\":\"ImageObject\",\"inLanguage\":\"en-US\",\"@id\":\"https:\/\/www.portocentral.com.br\/#\/schema\/person\/image\/\",\"url\":\"https:\/\/secure.gravatar.com\/avatar\/2e16ed30a1d1abdde42add3583a961aa?s=96&d=mm&r=g\",\"contentUrl\":\"https:\/\/secure.gravatar.com\/avatar\/2e16ed30a1d1abdde42add3583a961aa?s=96&d=mm&r=g\",\"caption\":\"Dani Klein\"},\"sameAs\":[\"http:\/\/kickgroup.com.br\"],\"url\":\"https:\/\/www.portocentral.com.br\/en\/blog\/author\/dani-klein\/\"}]}<\/script>\n<!-- \/ Yoast SEO plugin. -->","yoast_head_json":{"title":"Porto Central re\u00fane munic\u00edpios para discutir desenvolvimento regional - Porto Central","robots":{"index":"index","follow":"follow","max-snippet":"max-snippet:-1","max-image-preview":"max-image-preview:large","max-video-preview":"max-video-preview:-1"},"canonical":"https:\/\/www.portocentral.com.br\/en\/blog\/porto-central-reune-municipios-para-discutir-desenvolvimento-regional\/","og_locale":"en_US","og_type":"article","og_title":"Porto Central re\u00fane munic\u00edpios para discutir desenvolvimento regional - Porto Central","og_description":"Encontro realizado no Porto Central reuniu representantes de Presidente Kennedy, Marata\u00edzes e S\u00e3o Francisco de Itabapoana para compartilhar informa\u00e7\u00f5es sobre economia, infraestrutura e mercado de trabalho\u00a0 O Porto Central realizou, na \u00faltima semana, mais uma reuni\u00e3o da Comiss\u00e3o de Acompanhamento do Programa de Monitoramento Socioecon\u00f4mico (CAMPOC), em Presidente Kennedy (ES). A atividade foi conduzida pelo [&hellip;]","og_url":"https:\/\/www.portocentral.com.br\/en\/blog\/porto-central-reune-municipios-para-discutir-desenvolvimento-regional\/","og_site_name":"Porto Central","article_published_time":"2026-09-01T11:46:38+00:00","og_image":[{"width":2560,"height":1603,"url":"http:\/\/www.portocentral.com.br\/wp-content\/uploads\/2026\/09\/IMG_8287-scaled.jpeg","type":"image\/jpeg"}],"author":"Dani Klein","twitter_card":"summary_large_image","twitter_misc":{"Written by":"Dani Klein","Est. reading time":"3 minutes"},"schema":{"@context":"https:\/\/schema.org","@graph":[{"@type":"WebPage","@id":"https:\/\/www.portocentral.com.br\/blog\/porto-central-reune-municipios-para-discutir-desenvolvimento-regional\/","url":"https:\/\/www.portocentral.com.br\/blog\/porto-central-reune-municipios-para-discutir-desenvolvimento-regional\/","name":"Porto Central re\u00fane munic\u00edpios para discutir desenvolvimento regional - Porto Central","isPartOf":{"@id":"https:\/\/www.portocentral.com.br\/#website"},"primaryImageOfPage":{"@id":"https:\/\/www.portocentral.com.br\/blog\/porto-central-reune-municipios-para-discutir-desenvolvimento-regional\/#primaryimage"},"image":{"@id":"https:\/\/www.portocentral.com.br\/blog\/porto-central-reune-municipios-para-discutir-desenvolvimento-regional\/#primaryimage"},"thumbnailUrl":"https:\/\/www.portocentral.com.br\/wp-content\/uploads\/2026\/09\/IMG_8287-scaled.jpeg","datePublished":"2026-09-01T11:46:38+00:00","dateModified":"2026-09-01T11:46:38+00:00","author":{"@id":"https:\/\/www.portocentral.com.br\/#\/schema\/person\/9c74e456aa9f17c1556873d18fe8352d"},"breadcrumb":{"@id":"https:\/\/www.portocentral.com.br\/blog\/porto-central-reune-municipios-para-discutir-desenvolvimento-regional\/#breadcrumb"},"inLanguage":"en-US","potentialAction":[{"@type":"ReadAction","target":["https:\/\/www.portocentral.com.br\/blog\/porto-central-reune-municipios-para-discutir-desenvolvimento-regional\/"]}]},{"@type":"ImageObject","inLanguage":"en-US","@id":"https:\/\/www.portocentral.com.br\/blog\/porto-central-reune-municipios-para-discutir-desenvolvimento-regional\/#primaryimage","url":"https:\/\/www.portocentral.com.br\/wp-content\/uploads\/2026\/09\/IMG_8287-scaled.jpeg","contentUrl":"https:\/\/www.portocentral.com.br\/wp-content\/uploads\/2026\/09\/IMG_8287-scaled.jpeg","width":2560,"height":1603},{"@type":"BreadcrumbList","@id":"https:\/\/www.portocentral.com.br\/blog\/porto-central-reune-municipios-para-discutir-desenvolvimento-regional\/#breadcrumb","itemListElement":[{"@type":"ListItem","position":1,"name":"In\u00edcio","item":"https:\/\/www.portocentral.com.br\/"},{"@type":"ListItem","position":2,"name":"Porto Central re\u00fane munic\u00edpios para discutir desenvolvimento regional"}]},{"@type":"WebSite","@id":"https:\/\/www.portocentral.com.br\/#website","url":"https:\/\/www.portocentral.com.br\/","name":"Porto Central - Complexo Industrial Portu\u00e1rio de \u00c1guas Profundas","description":"Porto Central \u00e9 um complexo industrial portu\u00e1rio multiprop\u00f3sito em desenvolvimento no Esp\u00edrito Santo. Hub global para petr\u00f3leo, g\u00e1s, agroneg\u00f3cio, cont\u00eainer, energia renov\u00e1vel e offshore.","potentialAction":[{"@type":"SearchAction","target":{"@type":"EntryPoint","urlTemplate":"https:\/\/www.portocentral.com.br\/?s={search_term_string}"},"query-input":"required name=search_term_string"}],"inLanguage":"en-US"},{"@type":"Person","@id":"https:\/\/www.portocentral.com.br\/#\/schema\/person\/9c74e456aa9f17c1556873d18fe8352d","name":"Dani Klein","image":{"@type":"ImageObject","inLanguage":"en-US","@id":"https:\/\/www.portocentral.com.br\/#\/schema\/person\/image\/","url":"https:\/\/secure.gravatar.com\/avatar\/2e16ed30a1d1abdde42add3583a961aa?s=96&d=mm&r=g","contentUrl":"https:\/\/secure.gravatar.com\/avatar\/2e16ed30a1d1abdde42add3583a961aa?s=96&d=mm&r=g","caption":"Dani Klein"},"sameAs":["http:\/\/kickgroup.com.br"],"url":"https:\/\/www.portocentral.com.br\/en\/blog\/author\/dani-klein\/"}]}},"_links":{"self":[{"href":"https:\/\/www.portocentral.com.br\/en\/wp-json\/wp\/v2\/posts\/13393"}],"collection":[{"href":"https:\/\/www.portocentral.com.br\/en\/wp-json\/wp\/v2\/posts"}],"about":[{"href":"https:\/\/www.portocentral.com.br\/en\/wp-json\/wp\/v2\/types\/post"}],"author":[{"embeddable":true,"href":"https:\/\/www.portocentral.com.br\/en\/wp-json\/wp\/v2\/users\/2"}],"replies":[{"embeddable":true,"href":"https:\/\/www.portocentral.com.br\/en\/wp-json\/wp\/v2\/comments?post=13393"}],"version-history":[{"count":1,"href":"https:\/\/www.portocentral.com.br\/en\/wp-json\/wp\/v2\/posts\/13393\/revisions"}],"predecessor-version":[{"id":13397,"href":"https:\/\/www.portocentral.com.br\/en\/wp-json\/wp\/v2\/posts\/13393\/revisions\/13397"}],"wp:featuredmedia":[{"embeddable":true,"href":"https:\/\/www.portocentral.com.br\/en\/wp-json\/wp\/v2\/media\/13395"}],"wp:attachment":[{"href":"https:\/\/www.portocentral.com.br\/en\/wp-json\/wp\/v2\/media?parent=13393"}],"wp:term":[{"taxonomy":"category","embeddable":true,"href":"https:\/\/www.portocentral.com.br\/en\/wp-json\/wp\/v2\/categories?post=13393"},{"taxonomy":"post_tag","embeddable":true,"href":"https:\/\/www.portocentral.com.br\/en\/wp-json\/wp\/v2\/tags?post=13393"}],"curies":[{"name":"wp","href":"https:\/\/api.w.org\/{rel}","templated":true}]}}