{"id":13398,"date":"2026-09-02T08:48:05","date_gmt":"2026-09-02T11:48:05","guid":{"rendered":"https:\/\/www.portocentral.com.br\/?p=13398"},"modified":"2026-09-02T08:48:45","modified_gmt":"2026-09-02T11:48:45","slug":"porto-central-debate-solucoes-socioambientais-com-a-comunidade","status":"publish","type":"post","link":"https:\/\/www.portocentral.com.br\/en\/blog\/porto-central-debate-solucoes-socioambientais-com-a-comunidade\/","title":{"rendered":"Porto Central discusses socio-environmental solutions with the community"},"content":{"rendered":"<p><span style=\"font-weight: 400;\">The <\/span><i><span style=\"font-weight: 400;\">Batalha Ambiental Sustainability Group<\/span><\/i><span style=\"font-weight: 400;\">, one of the initiatives under Porto Central\u2019s Environmental Education Program (PEA), held another meeting with residents of Presidente Kennedy last week.\u00a0<\/span><\/p>\n<p><span style=\"font-weight: 400;\">The activity presented the main areas of work of the PEA and created a space for participants to share their perspectives on socio-environmental challenges present in the daily life of local communities and, through this democratic discussion, propose possible solutions.<\/span><\/p>\n<p><img decoding=\"async\" loading=\"lazy\" class=\"aligncenter wp-image-13399\" src=\"http:\/\/www.portocentral.com.br\/wp-content\/uploads\/2026\/09\/IMG_8301-768x1024.jpeg\" alt=\"\" width=\"475\" height=\"634\" srcset=\"https:\/\/www.portocentral.com.br\/wp-content\/uploads\/2026\/09\/IMG_8301-400x533.jpeg 400w, https:\/\/www.portocentral.com.br\/wp-content\/uploads\/2026\/09\/IMG_8301-367x489.jpeg 367w\" sizes=\"(max-width: 475px) 100vw, 475px\" \/><\/p>\n<p>&nbsp;<\/p>\n<p><span style=\"font-weight: 400;\">Topics raised included:<\/span><\/p>\n<p><span style=\"font-weight: 400;\">&gt; <strong>Selective waste collection<\/strong>, with discussions on ways to expand waste separation and proper disposal practices;<\/span><\/p>\n<p><span style=\"font-weight: 400;\">&gt; <strong>Social currency<\/strong>, as a possibility to be further discussed to support the local economy and encourage community engagement;<\/span><\/p>\n<p><span style=\"font-weight: 400;\">&gt; <strong>Community participation<\/strong>, focusing on residents\u2019 contribution to identifying local issues and developing proposals for the territory.<\/span><\/p>\n<h4><strong>Community participation in building solutions<\/strong><\/h4>\n<p><span style=\"font-weight: 400;\">Batalha Ambiental seeks to strengthen residents\u2019 participation in discussions on sustainability and initiatives related to the territory.<\/span><\/p>\n<p><span style=\"font-weight: 400;\">The initiative draws on the knowledge and experience of people who live in the communities to identify issues that require attention and develop alternatives aligned with local realities.<\/span><\/p>\n<p><span style=\"font-weight: 400;\">The meetings are part of the PEA\u2019s efforts to promote dialogue, environmental education and social participation in communities within Porto Central\u2019s area of influence.<\/span><\/p>","protected":false},"excerpt":{"rendered":"<p>O Grupo de Sustentabilidade Batalha Ambiental, uma das a\u00e7\u00f5es do Programa de Educa\u00e7\u00e3o Ambiental (PEA) do Porto Central, realizou, na \u00faltima semana, mais um encontro com moradores de Presidente Kennedy.\u00a0 A atividade apresentou as principais linhas de atua\u00e7\u00e3o do PEA e abriu espa\u00e7o para que os participantes compartilhassem percep\u00e7\u00f5es sobre desafios socioambientais presentes no cotidiano [&hellip;]<\/p>","protected":false},"author":2,"featured_media":13400,"comment_status":"open","ping_status":"open","sticky":false,"template":"","format":"standard","meta":{"footnotes":""},"categories":[59,3,60],"tags":[],"acf":[],"featured_image_src":{"landsacpe":["https:\/\/www.portocentral.com.br\/wp-content\/uploads\/2026\/09\/IMG_8312-1140x445.jpeg",1140,445,true],"list":["https:\/\/www.portocentral.com.br\/wp-content\/uploads\/2026\/09\/IMG_8312-463x348.jpeg",463,348,true],"medium":["https:\/\/www.portocentral.com.br\/wp-content\/uploads\/2026\/09\/IMG_8312-300x282.jpeg",300,282,true],"full":["https:\/\/www.portocentral.com.br\/wp-content\/uploads\/2026\/09\/IMG_8312-scaled.jpeg",2560,2405,false]},"yoast_head":"<!-- This site is optimized with the Yoast SEO plugin v22.4 - https:\/\/yoast.com\/wordpress\/plugins\/seo\/ -->\n<title>Porto Central debate solu\u00e7\u00f5es socioambientais com a comunidade - Porto Central<\/title>\n<meta name=\"robots\" content=\"index, follow, max-snippet:-1, max-image-preview:large, max-video-preview:-1\" \/>\n<link rel=\"canonical\" href=\"https:\/\/www.portocentral.com.br\/en\/blog\/porto-central-debate-solucoes-socioambientais-com-a-comunidade\/\" \/>\n<meta property=\"og:locale\" content=\"en_US\" \/>\n<meta property=\"og:type\" content=\"article\" \/>\n<meta property=\"og:title\" content=\"Porto Central debate solu\u00e7\u00f5es socioambientais com a comunidade - Porto Central\" \/>\n<meta property=\"og:description\" content=\"O Grupo de Sustentabilidade Batalha Ambiental, uma das a\u00e7\u00f5es do Programa de Educa\u00e7\u00e3o Ambiental (PEA) do Porto Central, realizou, na \u00faltima semana, mais um encontro com moradores de Presidente Kennedy.\u00a0 A atividade apresentou as principais linhas de atua\u00e7\u00e3o do PEA e abriu espa\u00e7o para que os participantes compartilhassem percep\u00e7\u00f5es sobre desafios socioambientais presentes no cotidiano [&hellip;]\" \/>\n<meta property=\"og:url\" content=\"https:\/\/www.portocentral.com.br\/en\/blog\/porto-central-debate-solucoes-socioambientais-com-a-comunidade\/\" \/>\n<meta property=\"og:site_name\" content=\"Porto Central\" \/>\n<meta property=\"article:published_time\" content=\"2026-09-02T11:48:05+00:00\" \/>\n<meta property=\"article:modified_time\" content=\"2026-09-02T11:48:45+00:00\" \/>\n<meta property=\"og:image\" content=\"http:\/\/www.portocentral.com.br\/wp-content\/uploads\/2026\/09\/IMG_8312-scaled.jpeg\" \/>\n\t<meta property=\"og:image:width\" content=\"2560\" \/>\n\t<meta property=\"og:image:height\" content=\"2405\" \/>\n\t<meta property=\"og:image:type\" content=\"image\/jpeg\" \/>\n<meta name=\"author\" content=\"Dani Klein\" \/>\n<meta name=\"twitter:card\" content=\"summary_large_image\" \/>\n<meta name=\"twitter:label1\" content=\"Written by\" \/>\n\t<meta name=\"twitter:data1\" content=\"Dani Klein\" \/>\n\t<meta name=\"twitter:label2\" content=\"Est. reading time\" \/>\n\t<meta name=\"twitter:data2\" content=\"2 minutes\" \/>\n<script type=\"application\/ld+json\" class=\"yoast-schema-graph\">{\"@context\":\"https:\/\/schema.org\",\"@graph\":[{\"@type\":\"WebPage\",\"@id\":\"https:\/\/www.portocentral.com.br\/blog\/porto-central-debate-solucoes-socioambientais-com-a-comunidade\/\",\"url\":\"https:\/\/www.portocentral.com.br\/blog\/porto-central-debate-solucoes-socioambientais-com-a-comunidade\/\",\"name\":\"Porto Central debate solu\u00e7\u00f5es socioambientais com a comunidade - Porto Central\",\"isPartOf\":{\"@id\":\"https:\/\/www.portocentral.com.br\/#website\"},\"primaryImageOfPage\":{\"@id\":\"https:\/\/www.portocentral.com.br\/blog\/porto-central-debate-solucoes-socioambientais-com-a-comunidade\/#primaryimage\"},\"image\":{\"@id\":\"https:\/\/www.portocentral.com.br\/blog\/porto-central-debate-solucoes-socioambientais-com-a-comunidade\/#primaryimage\"},\"thumbnailUrl\":\"https:\/\/www.portocentral.com.br\/wp-content\/uploads\/2026\/09\/IMG_8312-scaled.jpeg\",\"datePublished\":\"2026-09-02T11:48:05+00:00\",\"dateModified\":\"2026-09-02T11:48:45+00:00\",\"author\":{\"@id\":\"https:\/\/www.portocentral.com.br\/#\/schema\/person\/9c74e456aa9f17c1556873d18fe8352d\"},\"breadcrumb\":{\"@id\":\"https:\/\/www.portocentral.com.br\/blog\/porto-central-debate-solucoes-socioambientais-com-a-comunidade\/#breadcrumb\"},\"inLanguage\":\"en-US\",\"potentialAction\":[{\"@type\":\"ReadAction\",\"target\":[\"https:\/\/www.portocentral.com.br\/blog\/porto-central-debate-solucoes-socioambientais-com-a-comunidade\/\"]}]},{\"@type\":\"ImageObject\",\"inLanguage\":\"en-US\",\"@id\":\"https:\/\/www.portocentral.com.br\/blog\/porto-central-debate-solucoes-socioambientais-com-a-comunidade\/#primaryimage\",\"url\":\"https:\/\/www.portocentral.com.br\/wp-content\/uploads\/2026\/09\/IMG_8312-scaled.jpeg\",\"contentUrl\":\"https:\/\/www.portocentral.com.br\/wp-content\/uploads\/2026\/09\/IMG_8312-scaled.jpeg\",\"width\":2560,\"height\":2405},{\"@type\":\"BreadcrumbList\",\"@id\":\"https:\/\/www.portocentral.com.br\/blog\/porto-central-debate-solucoes-socioambientais-com-a-comunidade\/#breadcrumb\",\"itemListElement\":[{\"@type\":\"ListItem\",\"position\":1,\"name\":\"In\u00edcio\",\"item\":\"https:\/\/www.portocentral.com.br\/\"},{\"@type\":\"ListItem\",\"position\":2,\"name\":\"Porto Central debate solu\u00e7\u00f5es socioambientais com a comunidade\"}]},{\"@type\":\"WebSite\",\"@id\":\"https:\/\/www.portocentral.com.br\/#website\",\"url\":\"https:\/\/www.portocentral.com.br\/\",\"name\":\"Porto Central - Complexo Industrial Portu\u00e1rio de \u00c1guas Profundas\",\"description\":\"Porto Central \u00e9 um complexo industrial portu\u00e1rio multiprop\u00f3sito em desenvolvimento no Esp\u00edrito Santo. Hub global para petr\u00f3leo, g\u00e1s, agroneg\u00f3cio, cont\u00eainer, energia renov\u00e1vel e offshore.\",\"potentialAction\":[{\"@type\":\"SearchAction\",\"target\":{\"@type\":\"EntryPoint\",\"urlTemplate\":\"https:\/\/www.portocentral.com.br\/?s={search_term_string}\"},\"query-input\":\"required name=search_term_string\"}],\"inLanguage\":\"en-US\"},{\"@type\":\"Person\",\"@id\":\"https:\/\/www.portocentral.com.br\/#\/schema\/person\/9c74e456aa9f17c1556873d18fe8352d\",\"name\":\"Dani Klein\",\"image\":{\"@type\":\"ImageObject\",\"inLanguage\":\"en-US\",\"@id\":\"https:\/\/www.portocentral.com.br\/#\/schema\/person\/image\/\",\"url\":\"https:\/\/secure.gravatar.com\/avatar\/2e16ed30a1d1abdde42add3583a961aa?s=96&d=mm&r=g\",\"contentUrl\":\"https:\/\/secure.gravatar.com\/avatar\/2e16ed30a1d1abdde42add3583a961aa?s=96&d=mm&r=g\",\"caption\":\"Dani Klein\"},\"sameAs\":[\"http:\/\/kickgroup.com.br\"],\"url\":\"https:\/\/www.portocentral.com.br\/en\/blog\/author\/dani-klein\/\"}]}<\/script>\n<!-- \/ Yoast SEO plugin. -->","yoast_head_json":{"title":"Porto Central debate solu\u00e7\u00f5es socioambientais com a comunidade - Porto Central","robots":{"index":"index","follow":"follow","max-snippet":"max-snippet:-1","max-image-preview":"max-image-preview:large","max-video-preview":"max-video-preview:-1"},"canonical":"https:\/\/www.portocentral.com.br\/en\/blog\/porto-central-debate-solucoes-socioambientais-com-a-comunidade\/","og_locale":"en_US","og_type":"article","og_title":"Porto Central debate solu\u00e7\u00f5es socioambientais com a comunidade - Porto Central","og_description":"O Grupo de Sustentabilidade Batalha Ambiental, uma das a\u00e7\u00f5es do Programa de Educa\u00e7\u00e3o Ambiental (PEA) do Porto Central, realizou, na \u00faltima semana, mais um encontro com moradores de Presidente Kennedy.\u00a0 A atividade apresentou as principais linhas de atua\u00e7\u00e3o do PEA e abriu espa\u00e7o para que os participantes compartilhassem percep\u00e7\u00f5es sobre desafios socioambientais presentes no cotidiano [&hellip;]","og_url":"https:\/\/www.portocentral.com.br\/en\/blog\/porto-central-debate-solucoes-socioambientais-com-a-comunidade\/","og_site_name":"Porto Central","article_published_time":"2026-09-02T11:48:05+00:00","article_modified_time":"2026-09-02T11:48:45+00:00","og_image":[{"width":2560,"height":2405,"url":"http:\/\/www.portocentral.com.br\/wp-content\/uploads\/2026\/09\/IMG_8312-scaled.jpeg","type":"image\/jpeg"}],"author":"Dani Klein","twitter_card":"summary_large_image","twitter_misc":{"Written by":"Dani Klein","Est. reading time":"2 minutes"},"schema":{"@context":"https:\/\/schema.org","@graph":[{"@type":"WebPage","@id":"https:\/\/www.portocentral.com.br\/blog\/porto-central-debate-solucoes-socioambientais-com-a-comunidade\/","url":"https:\/\/www.portocentral.com.br\/blog\/porto-central-debate-solucoes-socioambientais-com-a-comunidade\/","name":"Porto Central debate solu\u00e7\u00f5es socioambientais com a comunidade - Porto Central","isPartOf":{"@id":"https:\/\/www.portocentral.com.br\/#website"},"primaryImageOfPage":{"@id":"https:\/\/www.portocentral.com.br\/blog\/porto-central-debate-solucoes-socioambientais-com-a-comunidade\/#primaryimage"},"image":{"@id":"https:\/\/www.portocentral.com.br\/blog\/porto-central-debate-solucoes-socioambientais-com-a-comunidade\/#primaryimage"},"thumbnailUrl":"https:\/\/www.portocentral.com.br\/wp-content\/uploads\/2026\/09\/IMG_8312-scaled.jpeg","datePublished":"2026-09-02T11:48:05+00:00","dateModified":"2026-09-02T11:48:45+00:00","author":{"@id":"https:\/\/www.portocentral.com.br\/#\/schema\/person\/9c74e456aa9f17c1556873d18fe8352d"},"breadcrumb":{"@id":"https:\/\/www.portocentral.com.br\/blog\/porto-central-debate-solucoes-socioambientais-com-a-comunidade\/#breadcrumb"},"inLanguage":"en-US","potentialAction":[{"@type":"ReadAction","target":["https:\/\/www.portocentral.com.br\/blog\/porto-central-debate-solucoes-socioambientais-com-a-comunidade\/"]}]},{"@type":"ImageObject","inLanguage":"en-US","@id":"https:\/\/www.portocentral.com.br\/blog\/porto-central-debate-solucoes-socioambientais-com-a-comunidade\/#primaryimage","url":"https:\/\/www.portocentral.com.br\/wp-content\/uploads\/2026\/09\/IMG_8312-scaled.jpeg","contentUrl":"https:\/\/www.portocentral.com.br\/wp-content\/uploads\/2026\/09\/IMG_8312-scaled.jpeg","width":2560,"height":2405},{"@type":"BreadcrumbList","@id":"https:\/\/www.portocentral.com.br\/blog\/porto-central-debate-solucoes-socioambientais-com-a-comunidade\/#breadcrumb","itemListElement":[{"@type":"ListItem","position":1,"name":"In\u00edcio","item":"https:\/\/www.portocentral.com.br\/"},{"@type":"ListItem","position":2,"name":"Porto Central debate solu\u00e7\u00f5es socioambientais com a comunidade"}]},{"@type":"WebSite","@id":"https:\/\/www.portocentral.com.br\/#website","url":"https:\/\/www.portocentral.com.br\/","name":"Porto Central - Complexo Industrial Portu\u00e1rio de \u00c1guas Profundas","description":"Porto Central \u00e9 um complexo industrial portu\u00e1rio multiprop\u00f3sito em desenvolvimento no Esp\u00edrito Santo. Hub global para petr\u00f3leo, g\u00e1s, agroneg\u00f3cio, cont\u00eainer, energia renov\u00e1vel e offshore.","potentialAction":[{"@type":"SearchAction","target":{"@type":"EntryPoint","urlTemplate":"https:\/\/www.portocentral.com.br\/?s={search_term_string}"},"query-input":"required name=search_term_string"}],"inLanguage":"en-US"},{"@type":"Person","@id":"https:\/\/www.portocentral.com.br\/#\/schema\/person\/9c74e456aa9f17c1556873d18fe8352d","name":"Dani Klein","image":{"@type":"ImageObject","inLanguage":"en-US","@id":"https:\/\/www.portocentral.com.br\/#\/schema\/person\/image\/","url":"https:\/\/secure.gravatar.com\/avatar\/2e16ed30a1d1abdde42add3583a961aa?s=96&d=mm&r=g","contentUrl":"https:\/\/secure.gravatar.com\/avatar\/2e16ed30a1d1abdde42add3583a961aa?s=96&d=mm&r=g","caption":"Dani Klein"},"sameAs":["http:\/\/kickgroup.com.br"],"url":"https:\/\/www.portocentral.com.br\/en\/blog\/author\/dani-klein\/"}]}},"_links":{"self":[{"href":"https:\/\/www.portocentral.com.br\/en\/wp-json\/wp\/v2\/posts\/13398"}],"collection":[{"href":"https:\/\/www.portocentral.com.br\/en\/wp-json\/wp\/v2\/posts"}],"about":[{"href":"https:\/\/www.portocentral.com.br\/en\/wp-json\/wp\/v2\/types\/post"}],"author":[{"embeddable":true,"href":"https:\/\/www.portocentral.com.br\/en\/wp-json\/wp\/v2\/users\/2"}],"replies":[{"embeddable":true,"href":"https:\/\/www.portocentral.com.br\/en\/wp-json\/wp\/v2\/comments?post=13398"}],"version-history":[{"count":2,"href":"https:\/\/www.portocentral.com.br\/en\/wp-json\/wp\/v2\/posts\/13398\/revisions"}],"predecessor-version":[{"id":13402,"href":"https:\/\/www.portocentral.com.br\/en\/wp-json\/wp\/v2\/posts\/13398\/revisions\/13402"}],"wp:featuredmedia":[{"embeddable":true,"href":"https:\/\/www.portocentral.com.br\/en\/wp-json\/wp\/v2\/media\/13400"}],"wp:attachment":[{"href":"https:\/\/www.portocentral.com.br\/en\/wp-json\/wp\/v2\/media?parent=13398"}],"wp:term":[{"taxonomy":"category","embeddable":true,"href":"https:\/\/www.portocentral.com.br\/en\/wp-json\/wp\/v2\/categories?post=13398"},{"taxonomy":"post_tag","embeddable":true,"href":"https:\/\/www.portocentral.com.br\/en\/wp-json\/wp\/v2\/tags?post=13398"}],"curies":[{"name":"wp","href":"https:\/\/api.w.org\/{rel}","templated":true}]}}