{"id":13409,"date":"2026-09-03T13:25:27","date_gmt":"2026-09-03T16:25:27","guid":{"rendered":"https:\/\/www.portocentral.com.br\/?p=13409"},"modified":"2026-09-03T13:25:27","modified_gmt":"2026-09-03T16:25:27","slug":"porto-central-recebe-alunos-do-programa-qualificar-es-para-visita-tecnica","status":"publish","type":"post","link":"https:\/\/www.portocentral.com.br\/en\/blog\/porto-central-recebe-alunos-do-programa-qualificar-es-para-visita-tecnica\/","title":{"rendered":"Porto Central welcomes students from the Qualificar ES Program for a technical visit"},"content":{"rendered":"<p><span style=\"font-weight: 400;\">Porto Central welcomed students from the Production Planning and Control (PCP), Safety Assistant and Port Logistics Assistant courses for a technical visit to the project in Presidente Kennedy.<\/span><\/p>\n<p><span style=\"font-weight: 400;\">The courses are offered by the Municipal Department of Social Assistance, in partnership with the State Department of Science, Technology, Innovation and Professional Education (Secti), through the Qualificar ES program.<\/span><\/p>\n<p><span style=\"font-weight: 400;\">The activity gave students closer contact with the reality of the port sector and allowed them to connect their professional training with topics such as logistics, safety and planning.<\/span><\/p>\n<h3><b>Learning in practice<\/b><\/h3>\n<p><span style=\"font-weight: 400;\">During the visit, the students attended a presentation on Porto Central, its key features and the progress of Phase I construction.<\/span><\/p>\n<p><span style=\"font-weight: 400;\">The group then visited the project site, where they were able to observe the work firsthand and learn more about the infrastructure and construction of the port complex.<\/span><\/p>\n<p><span style=\"font-weight: 400;\">The experience broadened students\u2019 understanding of different career opportunities and of the characteristics of the port and logistics sectors.<\/span><\/p>\n<p><span style=\"font-weight: 400;\">By welcoming students from the region, Porto Central also strengthens its connection with professional qualification initiatives and helps expand knowledge about the activities and opportunities associated with the project\u2019s development.<\/span><\/p>\n<p><img decoding=\"async\" loading=\"lazy\" class=\"aligncenter  wp-image-13410\" src=\"http:\/\/www.portocentral.com.br\/wp-content\/uploads\/2026\/09\/IMG_8233-1024x768.jpeg\" alt=\"\" width=\"676\" height=\"507\" srcset=\"https:\/\/www.portocentral.com.br\/wp-content\/uploads\/2026\/09\/IMG_8233-463x348.jpeg 463w, https:\/\/www.portocentral.com.br\/wp-content\/uploads\/2026\/09\/IMG_8233-640x480.jpeg 640w, https:\/\/www.portocentral.com.br\/wp-content\/uploads\/2026\/09\/IMG_8233-400x300.jpeg 400w, https:\/\/www.portocentral.com.br\/wp-content\/uploads\/2026\/09\/IMG_8233-367x275.jpeg 367w\" sizes=\"(max-width: 676px) 100vw, 676px\" \/><\/p>","protected":false},"excerpt":{"rendered":"<p>O Porto Central recebeu alunos dos cursos de Planejamento e Controle da Produ\u00e7\u00e3o (PCP), Assistente de Seguran\u00e7a e Assistente de Log\u00edstica Portu\u00e1ria para uma visita t\u00e9cnica ao empreendimento, em Presidente Kennedy. Os cursos s\u00e3o ofertados pela Secretaria Municipal de Assist\u00eancia Social, em parceria com a Secretaria da Ci\u00eancia, Tecnologia, Inova\u00e7\u00e3o e Educa\u00e7\u00e3o Profissional (Secti), por [&hellip;]<\/p>","protected":false},"author":2,"featured_media":13411,"comment_status":"open","ping_status":"open","sticky":false,"template":"","format":"standard","meta":{"footnotes":""},"categories":[59,3],"tags":[],"acf":[],"featured_image_src":{"landsacpe":["https:\/\/www.portocentral.com.br\/wp-content\/uploads\/2026\/09\/IMG_8227-1140x445.jpeg",1140,445,true],"list":["https:\/\/www.portocentral.com.br\/wp-content\/uploads\/2026\/09\/IMG_8227-463x348.jpeg",463,348,true],"medium":["https:\/\/www.portocentral.com.br\/wp-content\/uploads\/2026\/09\/IMG_8227-300x225.jpeg",300,225,true],"full":["https:\/\/www.portocentral.com.br\/wp-content\/uploads\/2026\/09\/IMG_8227-scaled.jpeg",2560,1920,false]},"yoast_head":"<!-- This site is optimized with the Yoast SEO plugin v22.4 - https:\/\/yoast.com\/wordpress\/plugins\/seo\/ -->\n<title>Porto Central recebe alunos do Programa Qualificar ES para visita t\u00e9cnica - Porto Central<\/title>\n<meta name=\"robots\" content=\"index, follow, max-snippet:-1, max-image-preview:large, max-video-preview:-1\" \/>\n<link rel=\"canonical\" href=\"https:\/\/www.portocentral.com.br\/en\/blog\/porto-central-recebe-alunos-do-programa-qualificar-es-para-visita-tecnica\/\" \/>\n<meta property=\"og:locale\" content=\"en_US\" \/>\n<meta property=\"og:type\" content=\"article\" \/>\n<meta property=\"og:title\" content=\"Porto Central recebe alunos do Programa Qualificar ES para visita t\u00e9cnica - Porto Central\" \/>\n<meta property=\"og:description\" content=\"O Porto Central recebeu alunos dos cursos de Planejamento e Controle da Produ\u00e7\u00e3o (PCP), Assistente de Seguran\u00e7a e Assistente de Log\u00edstica Portu\u00e1ria para uma visita t\u00e9cnica ao empreendimento, em Presidente Kennedy. Os cursos s\u00e3o ofertados pela Secretaria Municipal de Assist\u00eancia Social, em parceria com a Secretaria da Ci\u00eancia, Tecnologia, Inova\u00e7\u00e3o e Educa\u00e7\u00e3o Profissional (Secti), por [&hellip;]\" \/>\n<meta property=\"og:url\" content=\"https:\/\/www.portocentral.com.br\/en\/blog\/porto-central-recebe-alunos-do-programa-qualificar-es-para-visita-tecnica\/\" \/>\n<meta property=\"og:site_name\" content=\"Porto Central\" \/>\n<meta property=\"article:published_time\" content=\"2026-09-03T16:25:27+00:00\" \/>\n<meta property=\"og:image\" content=\"http:\/\/www.portocentral.com.br\/wp-content\/uploads\/2026\/09\/IMG_8227-scaled.jpeg\" \/>\n\t<meta property=\"og:image:width\" content=\"2560\" \/>\n\t<meta property=\"og:image:height\" content=\"1920\" \/>\n\t<meta property=\"og:image:type\" content=\"image\/jpeg\" \/>\n<meta name=\"author\" content=\"Dani Klein\" \/>\n<meta name=\"twitter:card\" content=\"summary_large_image\" \/>\n<meta name=\"twitter:label1\" content=\"Written by\" \/>\n\t<meta name=\"twitter:data1\" content=\"Dani Klein\" \/>\n\t<meta name=\"twitter:label2\" content=\"Est. reading time\" \/>\n\t<meta name=\"twitter:data2\" content=\"2 minutes\" \/>\n<script type=\"application\/ld+json\" class=\"yoast-schema-graph\">{\"@context\":\"https:\/\/schema.org\",\"@graph\":[{\"@type\":\"WebPage\",\"@id\":\"https:\/\/www.portocentral.com.br\/blog\/porto-central-recebe-alunos-do-programa-qualificar-es-para-visita-tecnica\/\",\"url\":\"https:\/\/www.portocentral.com.br\/blog\/porto-central-recebe-alunos-do-programa-qualificar-es-para-visita-tecnica\/\",\"name\":\"Porto Central recebe alunos do Programa Qualificar ES para visita t\u00e9cnica - Porto Central\",\"isPartOf\":{\"@id\":\"https:\/\/www.portocentral.com.br\/#website\"},\"primaryImageOfPage\":{\"@id\":\"https:\/\/www.portocentral.com.br\/blog\/porto-central-recebe-alunos-do-programa-qualificar-es-para-visita-tecnica\/#primaryimage\"},\"image\":{\"@id\":\"https:\/\/www.portocentral.com.br\/blog\/porto-central-recebe-alunos-do-programa-qualificar-es-para-visita-tecnica\/#primaryimage\"},\"thumbnailUrl\":\"https:\/\/www.portocentral.com.br\/wp-content\/uploads\/2026\/09\/IMG_8227-scaled.jpeg\",\"datePublished\":\"2026-09-03T16:25:27+00:00\",\"dateModified\":\"2026-09-03T16:25:27+00:00\",\"author\":{\"@id\":\"https:\/\/www.portocentral.com.br\/#\/schema\/person\/9c74e456aa9f17c1556873d18fe8352d\"},\"breadcrumb\":{\"@id\":\"https:\/\/www.portocentral.com.br\/blog\/porto-central-recebe-alunos-do-programa-qualificar-es-para-visita-tecnica\/#breadcrumb\"},\"inLanguage\":\"en-US\",\"potentialAction\":[{\"@type\":\"ReadAction\",\"target\":[\"https:\/\/www.portocentral.com.br\/blog\/porto-central-recebe-alunos-do-programa-qualificar-es-para-visita-tecnica\/\"]}]},{\"@type\":\"ImageObject\",\"inLanguage\":\"en-US\",\"@id\":\"https:\/\/www.portocentral.com.br\/blog\/porto-central-recebe-alunos-do-programa-qualificar-es-para-visita-tecnica\/#primaryimage\",\"url\":\"https:\/\/www.portocentral.com.br\/wp-content\/uploads\/2026\/09\/IMG_8227-scaled.jpeg\",\"contentUrl\":\"https:\/\/www.portocentral.com.br\/wp-content\/uploads\/2026\/09\/IMG_8227-scaled.jpeg\",\"width\":2560,\"height\":1920},{\"@type\":\"BreadcrumbList\",\"@id\":\"https:\/\/www.portocentral.com.br\/blog\/porto-central-recebe-alunos-do-programa-qualificar-es-para-visita-tecnica\/#breadcrumb\",\"itemListElement\":[{\"@type\":\"ListItem\",\"position\":1,\"name\":\"In\u00edcio\",\"item\":\"https:\/\/www.portocentral.com.br\/\"},{\"@type\":\"ListItem\",\"position\":2,\"name\":\"Porto Central recebe alunos do Programa Qualificar ES para visita t\u00e9cnica\"}]},{\"@type\":\"WebSite\",\"@id\":\"https:\/\/www.portocentral.com.br\/#website\",\"url\":\"https:\/\/www.portocentral.com.br\/\",\"name\":\"Porto Central - Complexo Industrial Portu\u00e1rio de \u00c1guas Profundas\",\"description\":\"Porto Central \u00e9 um complexo industrial portu\u00e1rio multiprop\u00f3sito em desenvolvimento no Esp\u00edrito Santo. Hub global para petr\u00f3leo, g\u00e1s, agroneg\u00f3cio, cont\u00eainer, energia renov\u00e1vel e offshore.\",\"potentialAction\":[{\"@type\":\"SearchAction\",\"target\":{\"@type\":\"EntryPoint\",\"urlTemplate\":\"https:\/\/www.portocentral.com.br\/?s={search_term_string}\"},\"query-input\":\"required name=search_term_string\"}],\"inLanguage\":\"en-US\"},{\"@type\":\"Person\",\"@id\":\"https:\/\/www.portocentral.com.br\/#\/schema\/person\/9c74e456aa9f17c1556873d18fe8352d\",\"name\":\"Dani Klein\",\"image\":{\"@type\":\"ImageObject\",\"inLanguage\":\"en-US\",\"@id\":\"https:\/\/www.portocentral.com.br\/#\/schema\/person\/image\/\",\"url\":\"https:\/\/secure.gravatar.com\/avatar\/2e16ed30a1d1abdde42add3583a961aa?s=96&d=mm&r=g\",\"contentUrl\":\"https:\/\/secure.gravatar.com\/avatar\/2e16ed30a1d1abdde42add3583a961aa?s=96&d=mm&r=g\",\"caption\":\"Dani Klein\"},\"sameAs\":[\"http:\/\/kickgroup.com.br\"],\"url\":\"https:\/\/www.portocentral.com.br\/en\/blog\/author\/dani-klein\/\"}]}<\/script>\n<!-- \/ Yoast SEO plugin. -->","yoast_head_json":{"title":"Porto Central recebe alunos do Programa Qualificar ES para visita t\u00e9cnica - Porto Central","robots":{"index":"index","follow":"follow","max-snippet":"max-snippet:-1","max-image-preview":"max-image-preview:large","max-video-preview":"max-video-preview:-1"},"canonical":"https:\/\/www.portocentral.com.br\/en\/blog\/porto-central-recebe-alunos-do-programa-qualificar-es-para-visita-tecnica\/","og_locale":"en_US","og_type":"article","og_title":"Porto Central recebe alunos do Programa Qualificar ES para visita t\u00e9cnica - Porto Central","og_description":"O Porto Central recebeu alunos dos cursos de Planejamento e Controle da Produ\u00e7\u00e3o (PCP), Assistente de Seguran\u00e7a e Assistente de Log\u00edstica Portu\u00e1ria para uma visita t\u00e9cnica ao empreendimento, em Presidente Kennedy. Os cursos s\u00e3o ofertados pela Secretaria Municipal de Assist\u00eancia Social, em parceria com a Secretaria da Ci\u00eancia, Tecnologia, Inova\u00e7\u00e3o e Educa\u00e7\u00e3o Profissional (Secti), por [&hellip;]","og_url":"https:\/\/www.portocentral.com.br\/en\/blog\/porto-central-recebe-alunos-do-programa-qualificar-es-para-visita-tecnica\/","og_site_name":"Porto Central","article_published_time":"2026-09-03T16:25:27+00:00","og_image":[{"width":2560,"height":1920,"url":"http:\/\/www.portocentral.com.br\/wp-content\/uploads\/2026\/09\/IMG_8227-scaled.jpeg","type":"image\/jpeg"}],"author":"Dani Klein","twitter_card":"summary_large_image","twitter_misc":{"Written by":"Dani Klein","Est. reading time":"2 minutes"},"schema":{"@context":"https:\/\/schema.org","@graph":[{"@type":"WebPage","@id":"https:\/\/www.portocentral.com.br\/blog\/porto-central-recebe-alunos-do-programa-qualificar-es-para-visita-tecnica\/","url":"https:\/\/www.portocentral.com.br\/blog\/porto-central-recebe-alunos-do-programa-qualificar-es-para-visita-tecnica\/","name":"Porto Central recebe alunos do Programa Qualificar ES para visita t\u00e9cnica - Porto Central","isPartOf":{"@id":"https:\/\/www.portocentral.com.br\/#website"},"primaryImageOfPage":{"@id":"https:\/\/www.portocentral.com.br\/blog\/porto-central-recebe-alunos-do-programa-qualificar-es-para-visita-tecnica\/#primaryimage"},"image":{"@id":"https:\/\/www.portocentral.com.br\/blog\/porto-central-recebe-alunos-do-programa-qualificar-es-para-visita-tecnica\/#primaryimage"},"thumbnailUrl":"https:\/\/www.portocentral.com.br\/wp-content\/uploads\/2026\/09\/IMG_8227-scaled.jpeg","datePublished":"2026-09-03T16:25:27+00:00","dateModified":"2026-09-03T16:25:27+00:00","author":{"@id":"https:\/\/www.portocentral.com.br\/#\/schema\/person\/9c74e456aa9f17c1556873d18fe8352d"},"breadcrumb":{"@id":"https:\/\/www.portocentral.com.br\/blog\/porto-central-recebe-alunos-do-programa-qualificar-es-para-visita-tecnica\/#breadcrumb"},"inLanguage":"en-US","potentialAction":[{"@type":"ReadAction","target":["https:\/\/www.portocentral.com.br\/blog\/porto-central-recebe-alunos-do-programa-qualificar-es-para-visita-tecnica\/"]}]},{"@type":"ImageObject","inLanguage":"en-US","@id":"https:\/\/www.portocentral.com.br\/blog\/porto-central-recebe-alunos-do-programa-qualificar-es-para-visita-tecnica\/#primaryimage","url":"https:\/\/www.portocentral.com.br\/wp-content\/uploads\/2026\/09\/IMG_8227-scaled.jpeg","contentUrl":"https:\/\/www.portocentral.com.br\/wp-content\/uploads\/2026\/09\/IMG_8227-scaled.jpeg","width":2560,"height":1920},{"@type":"BreadcrumbList","@id":"https:\/\/www.portocentral.com.br\/blog\/porto-central-recebe-alunos-do-programa-qualificar-es-para-visita-tecnica\/#breadcrumb","itemListElement":[{"@type":"ListItem","position":1,"name":"In\u00edcio","item":"https:\/\/www.portocentral.com.br\/"},{"@type":"ListItem","position":2,"name":"Porto Central recebe alunos do Programa Qualificar ES para visita t\u00e9cnica"}]},{"@type":"WebSite","@id":"https:\/\/www.portocentral.com.br\/#website","url":"https:\/\/www.portocentral.com.br\/","name":"Porto Central - Complexo Industrial Portu\u00e1rio de \u00c1guas Profundas","description":"Porto Central \u00e9 um complexo industrial portu\u00e1rio multiprop\u00f3sito em desenvolvimento no Esp\u00edrito Santo. Hub global para petr\u00f3leo, g\u00e1s, agroneg\u00f3cio, cont\u00eainer, energia renov\u00e1vel e offshore.","potentialAction":[{"@type":"SearchAction","target":{"@type":"EntryPoint","urlTemplate":"https:\/\/www.portocentral.com.br\/?s={search_term_string}"},"query-input":"required name=search_term_string"}],"inLanguage":"en-US"},{"@type":"Person","@id":"https:\/\/www.portocentral.com.br\/#\/schema\/person\/9c74e456aa9f17c1556873d18fe8352d","name":"Dani Klein","image":{"@type":"ImageObject","inLanguage":"en-US","@id":"https:\/\/www.portocentral.com.br\/#\/schema\/person\/image\/","url":"https:\/\/secure.gravatar.com\/avatar\/2e16ed30a1d1abdde42add3583a961aa?s=96&d=mm&r=g","contentUrl":"https:\/\/secure.gravatar.com\/avatar\/2e16ed30a1d1abdde42add3583a961aa?s=96&d=mm&r=g","caption":"Dani Klein"},"sameAs":["http:\/\/kickgroup.com.br"],"url":"https:\/\/www.portocentral.com.br\/en\/blog\/author\/dani-klein\/"}]}},"_links":{"self":[{"href":"https:\/\/www.portocentral.com.br\/en\/wp-json\/wp\/v2\/posts\/13409"}],"collection":[{"href":"https:\/\/www.portocentral.com.br\/en\/wp-json\/wp\/v2\/posts"}],"about":[{"href":"https:\/\/www.portocentral.com.br\/en\/wp-json\/wp\/v2\/types\/post"}],"author":[{"embeddable":true,"href":"https:\/\/www.portocentral.com.br\/en\/wp-json\/wp\/v2\/users\/2"}],"replies":[{"embeddable":true,"href":"https:\/\/www.portocentral.com.br\/en\/wp-json\/wp\/v2\/comments?post=13409"}],"version-history":[{"count":1,"href":"https:\/\/www.portocentral.com.br\/en\/wp-json\/wp\/v2\/posts\/13409\/revisions"}],"predecessor-version":[{"id":13412,"href":"https:\/\/www.portocentral.com.br\/en\/wp-json\/wp\/v2\/posts\/13409\/revisions\/13412"}],"wp:featuredmedia":[{"embeddable":true,"href":"https:\/\/www.portocentral.com.br\/en\/wp-json\/wp\/v2\/media\/13411"}],"wp:attachment":[{"href":"https:\/\/www.portocentral.com.br\/en\/wp-json\/wp\/v2\/media?parent=13409"}],"wp:term":[{"taxonomy":"category","embeddable":true,"href":"https:\/\/www.portocentral.com.br\/en\/wp-json\/wp\/v2\/categories?post=13409"},{"taxonomy":"post_tag","embeddable":true,"href":"https:\/\/www.portocentral.com.br\/en\/wp-json\/wp\/v2\/tags?post=13409"}],"curies":[{"name":"wp","href":"https:\/\/api.w.org\/{rel}","templated":true}]}}