{"id":8007,"date":"2022-07-26T16:16:27","date_gmt":"2022-07-26T19:16:27","guid":{"rendered":"http:\/\/portocentral.com.br\/?p=3205"},"modified":"2022-07-26T16:16:27","modified_gmt":"2022-07-26T19:16:27","slug":"grupo-de-sustentabilidade-perola-ambiental-realiza-oficina-de-diagnostico-socioambiental-participativo","status":"publish","type":"post","link":"https:\/\/www.portocentral.com.br\/en\/blog\/grupo-de-sustentabilidade-perola-ambiental-realiza-oficina-de-diagnostico-socioambiental-participativo\/","title":{"rendered":"Grupo de Sustentabilidade P\u00e9rola Ambiental realiza Oficina de Diagn\u00f3stico Socioambiental Participativo"},"content":{"rendered":"<p>[:pb]<\/p>\n<p class=\"western\" align=\"justify\"><span style=\"font-family: Arial, serif;\"><span lang=\"pt-BR\">Mais uma Oficina de Diagn\u00f3stico Socioambiental Participativo foi realizada pela equipe do Programa de Educa\u00e7\u00e3o Ambiental (PEA) do Porto Central. Desta vez, a contribui\u00e7\u00e3o foi dada pelo Grupo de Sustentabilidade P\u00e9rola Ambiental do Munic\u00edpio de Marata\u00edzes.<\/span><\/span><\/p>\n<p class=\"western\" align=\"justify\"><span style=\"font-family: Arial, serif;\"><span lang=\"pt-BR\">Durante as atividades de grupo, os participantes confeccionam um mapa mental de seu Munic\u00edpio destacando as suas percep\u00e7\u00f5es sobre as potencialidades e defici\u00eancias de sua regi\u00e3o, as expectativas com a chegada do Porto Central e a sugest\u00e3o de atividades a serem realizadas pelo PEA.<\/span><\/span><\/p>\n<p class=\"western\"><span style=\"font-family: Arial, serif;\"><span lang=\"pt-BR\"><b>Next steps<\/b><\/span><\/span><\/p>\n<p class=\"western\" align=\"justify\"><span style=\"font-family: Arial, serif;\"><span lang=\"pt-BR\">A partir desse diagn\u00f3stico, a\u00e7\u00f5es mais estrat\u00e9gicas ser\u00e3o desenvolvidas de forma a atender ao que \u00e9 discutido nas oficinas. Al\u00e9m disso, est\u00e1 planejado o envolvimento dos jovens nas atividades de Educa\u00e7\u00e3o Patrimonial por meio das Oficinas de Infogr\u00e1fico, al\u00e9m de a\u00e7\u00f5es de sa\u00fade voltada a toda a popula\u00e7\u00e3o dos Munic\u00edpios que comp\u00f5em a \u00c1rea de Influ\u00eancia Direta do Porto Central.<\/span><\/span><\/p>\n<p class=\"western\"><span style=\"font-family: Arial, serif;\"><span lang=\"pt-BR\"><b>Novas Oficinas <\/b><\/span><\/span><\/p>\n<p class=\"western\" align=\"justify\"><span style=\"font-family: Arial, serif;\"><span lang=\"pt-BR\">Ser\u00e1 realizada mais uma oficina no Munic\u00edpio de Presidente Kennedy e de Marata\u00edzes com o objetivo de alcan\u00e7ar comunidades que n\u00e3o tiveram representantes participando nos encontros j\u00e1 realizados.<\/span><\/span><\/p>\n<p style=\"padding-left: 30px;\"><span style=\"font-family: Arial, serif;\">\u2022 25 de julho \u00e0s 18:30 na Igreja Batista Monte Feliz &#8211; Santo Eduardo acontece a 3\u00aa Oficina de Diagn\u00f3stico Socioambiental em Presidente Kennedy<\/span><\/p>\n<p style=\"padding-left: 30px;\"><span style=\"font-family: Arial, serif;\">\u2022 28 de julho \u00e0s 18:30 na Igreja Assembleia de Deus &#8211; Praia dos Ca\u00e7\u00f5es acontece a 2\u00aa Oficina de Diagn\u00f3stico Socioambiental em Marata\u00edzes<\/span><\/p>\n<p class=\"western\" align=\"justify\"><span style=\"font-family: Arial, serif;\"><span lang=\"pt-BR\">Em caso de d\u00favidas sobre as oficinas e as outras atividades, \u00e9 poss\u00edvel entrar em contato com a equipe do PEA pelo e-mail <\/span><\/span><a href=\"mailto:peapoc22@gmail.com\"><span style=\"color: #1155cc;\"><span style=\"font-family: Arial, serif;\"><span lang=\"pt-BR\"><u>peapoc22@gmail.com<\/u><\/span><\/span><\/span><\/a><span style=\"font-family: Arial, serif;\"><span lang=\"pt-BR\"> ou pelo telefone (28) 99993-2023, ou com a assessoria de comunica\u00e7\u00e3o do Porto Central pelo telefone (28) 99919-8305.<\/span><\/span><\/p>\n<p class=\"western\" align=\"justify\"><a href=\"http:\/\/portocentral.com.br\/wp-content\/uploads\/2022\/07\/Foto-adicional-Not\u00edcia-Oficina-Marata\u00edzes-26.07.2022-2.jpg\"><img decoding=\"async\" loading=\"lazy\" class=\"aligncenter size-large wp-image-3203\" src=\"http:\/\/portocentral.com.br\/wp-content\/uploads\/2022\/07\/Foto-adicional-Not\u00edcia-Oficina-Marata\u00edzes-26.07.2022-2-1024x576.jpg\" alt=\"Foto adicional - Not\u00edcia Oficina Marata\u00edzes - 26.07.2022 (2)\" width=\"640\" height=\"360\" \/><\/a><\/p>\n<p class=\"western\" align=\"justify\"><a href=\"http:\/\/portocentral.com.br\/wp-content\/uploads\/2022\/07\/Foto-adicional-Not\u00edcia-Oficina-Marata\u00edzes-26.07.2022.jpg\"><img decoding=\"async\" loading=\"lazy\" class=\"aligncenter size-large wp-image-3204\" src=\"http:\/\/portocentral.com.br\/wp-content\/uploads\/2022\/07\/Foto-adicional-Not\u00edcia-Oficina-Marata\u00edzes-26.07.2022-1024x576.jpg\" alt=\"Foto adicional - Not\u00edcia Oficina Marata\u00edzes - 26.07.2022\" width=\"640\" height=\"360\" \/><\/a><\/p>\n<p>[:en]<\/p>\n<p class=\"tw-data-text tw-text-large tw-ta\" dir=\"ltr\" data-placeholder=\"Tradu\u00e7\u00e3o\"><span class=\"Y2IQFc\" lang=\"en\">Another Participatory Socio-environmental Diagnosis Workshop was carried out by the Porto Central Environmental Education Program (PEA) team. This time, the contribution was given by the P\u00e9rola Ambiental Sustainability Group of the Municipality of Marata\u00edzes. <\/span><\/p>\n<p class=\"tw-data-text tw-text-large tw-ta\" dir=\"ltr\" data-placeholder=\"Tradu\u00e7\u00e3o\"><span class=\"Y2IQFc\" lang=\"en\">During group activities, participants create a mental map of their municipality, highlighting their perceptions of the potential and deficiencies of their region, expectations with the arrival of Porto Central and the suggestion of activities to be carried out by the PEA. <\/span><\/p>\n<p class=\"tw-data-text tw-text-large tw-ta\" dir=\"ltr\" data-placeholder=\"Tradu\u00e7\u00e3o\"><span class=\"Y2IQFc\" lang=\"en\"><strong>Next steps<\/strong> <\/span><\/p>\n<p class=\"tw-data-text tw-text-large tw-ta\" dir=\"ltr\" data-placeholder=\"Tradu\u00e7\u00e3o\"><span class=\"Y2IQFc\" lang=\"en\">Based on this diagnosis, more strategic actions will be developed in order to meet what is discussed in the workshops. In addition, it is planned to involve young people in Heritage Education activities through Infographic Workshops, in addition to health actions aimed at the entire population of the Municipalities that make up the Direct Influence Area of \u200b\u200bPorto Central. <\/span><\/p>\n<p class=\"tw-data-text tw-text-large tw-ta\" dir=\"ltr\" data-placeholder=\"Tradu\u00e7\u00e3o\"><span class=\"Y2IQFc\" lang=\"en\"><strong>New Workshops<\/strong> <\/span><\/p>\n<p><span class=\"Y2IQFc\" lang=\"en\">Another workshop will be held in the Municipalities of Presidente Kennedy and Marata\u00edzes with the objective of reaching communities that did not have representatives participating in the meetings already held. <\/span><\/p>\n<p><span class=\"Y2IQFc\" lang=\"en\"> \u2022 July 25 at 18:30 at Monte Feliz Baptist Church &#8211; Santo Eduardo the 3rd Workshop on Social and Environmental Diagnosis takes place in Presidente Kennedy <\/span><\/p>\n<p><span class=\"Y2IQFc\" lang=\"en\"> \u2022 July 28 at 6:30 pm at the Assembly of God Church &#8211; Praia dos Ca\u00e7\u00f5es, the 2nd Social and Environmental Diagnosis Workshop takes place in Marata\u00edzes <\/span><\/p>\n<p><span class=\"Y2IQFc\" lang=\"en\">If you have any questions about the workshops and other activities, you can contact the PEA team by e-mail <a href=\"mailto:peapoc22@gmail.com\">peapoc22@gmail.com<\/a> or by phone (28) 99993-2023, or with the Porto Central communication department. by phone (28) 99919-8305.<\/span><\/p>\n<p class=\"tw-data-text tw-text-large tw-ta\" dir=\"ltr\" data-placeholder=\"Tradu\u00e7\u00e3o\"><a href=\"http:\/\/portocentral.com.br\/wp-content\/uploads\/2022\/07\/Foto-adicional-Not\u00edcia-Oficina-Marata\u00edzes-26.07.2022.jpg\"><img decoding=\"async\" loading=\"lazy\" class=\"aligncenter size-large wp-image-3204\" src=\"http:\/\/portocentral.com.br\/wp-content\/uploads\/2022\/07\/Foto-adicional-Not\u00edcia-Oficina-Marata\u00edzes-26.07.2022-1024x576.jpg\" alt=\"Foto adicional - Not\u00edcia Oficina Marata\u00edzes - 26.07.2022\" width=\"640\" height=\"360\" \/><\/a><\/p>\n<p class=\"tw-data-text tw-text-large tw-ta\" dir=\"ltr\" data-placeholder=\"Tradu\u00e7\u00e3o\"><a href=\"http:\/\/portocentral.com.br\/wp-content\/uploads\/2022\/07\/Foto-adicional-Not\u00edcia-Oficina-Marata\u00edzes-26.07.2022-2.jpg\"><img decoding=\"async\" loading=\"lazy\" class=\"aligncenter size-large wp-image-3203\" src=\"http:\/\/portocentral.com.br\/wp-content\/uploads\/2022\/07\/Foto-adicional-Not\u00edcia-Oficina-Marata\u00edzes-26.07.2022-2-1024x576.jpg\" alt=\"Foto adicional - Not\u00edcia Oficina Marata\u00edzes - 26.07.2022 (2)\" width=\"640\" height=\"360\" \/><\/a><\/p>\n<p>[:]<\/p>","protected":false},"excerpt":{"rendered":"<p>[:pb] Mais uma Oficina de Diagn\u00f3stico Socioambiental Participativo foi realizada pela equipe do Programa de Educa\u00e7\u00e3o Ambiental (PEA) do Porto Central. Desta vez, a contribui\u00e7\u00e3o foi dada pelo Grupo de Sustentabilidade P\u00e9rola Ambiental do Munic\u00edpio de Marata\u00edzes. Durante as atividades de grupo, os participantes confeccionam um mapa mental de seu Munic\u00edpio destacando as suas percep\u00e7\u00f5es [&hellip;]<\/p>","protected":false},"author":1,"featured_media":12069,"comment_status":"open","ping_status":"open","sticky":false,"template":"","format":"standard","meta":{"footnotes":""},"categories":[72],"tags":[],"acf":[],"featured_image_src":{"landsacpe":["https:\/\/www.portocentral.com.br\/wp-content\/uploads\/2024\/12\/Frontal-view-1140x445.jpg",1140,445,true],"list":["https:\/\/www.portocentral.com.br\/wp-content\/uploads\/2024\/12\/Frontal-view-463x348.jpg",463,348,true],"medium":["https:\/\/www.portocentral.com.br\/wp-content\/uploads\/2024\/12\/Frontal-view-300x169.jpg",300,169,true],"full":["https:\/\/www.portocentral.com.br\/wp-content\/uploads\/2024\/12\/Frontal-view-scaled.jpg",2560,1440,false]},"yoast_head":"<!-- This site is optimized with the Yoast SEO plugin v22.4 - https:\/\/yoast.com\/wordpress\/plugins\/seo\/ -->\n<title>Grupo de Sustentabilidade P\u00e9rola Ambiental realiza Oficina de Diagn\u00f3stico Socioambiental Participativo - Porto Central<\/title>\n<meta name=\"robots\" content=\"index, follow, max-snippet:-1, max-image-preview:large, max-video-preview:-1\" \/>\n<link rel=\"canonical\" href=\"https:\/\/www.portocentral.com.br\/en\/blog\/grupo-de-sustentabilidade-perola-ambiental-realiza-oficina-de-diagnostico-socioambiental-participativo\/\" \/>\n<meta property=\"og:locale\" content=\"en_US\" \/>\n<meta property=\"og:type\" content=\"article\" \/>\n<meta property=\"og:title\" content=\"Grupo de Sustentabilidade P\u00e9rola Ambiental realiza Oficina de Diagn\u00f3stico Socioambiental Participativo - Porto Central\" \/>\n<meta property=\"og:description\" content=\"[:pb] Mais uma Oficina de Diagn\u00f3stico Socioambiental Participativo foi realizada pela equipe do Programa de Educa\u00e7\u00e3o Ambiental (PEA) do Porto Central. Desta vez, a contribui\u00e7\u00e3o foi dada pelo Grupo de Sustentabilidade P\u00e9rola Ambiental do Munic\u00edpio de Marata\u00edzes. Durante as atividades de grupo, os participantes confeccionam um mapa mental de seu Munic\u00edpio destacando as suas percep\u00e7\u00f5es [&hellip;]\" \/>\n<meta property=\"og:url\" content=\"https:\/\/www.portocentral.com.br\/en\/blog\/grupo-de-sustentabilidade-perola-ambiental-realiza-oficina-de-diagnostico-socioambiental-participativo\/\" \/>\n<meta property=\"og:site_name\" content=\"Porto Central\" \/>\n<meta property=\"article:published_time\" content=\"2022-07-26T19:16:27+00:00\" \/>\n<meta name=\"author\" content=\"ap.web.dev\" \/>\n<meta name=\"twitter:card\" content=\"summary_large_image\" \/>\n<meta name=\"twitter:label1\" content=\"Written by\" \/>\n\t<meta name=\"twitter:data1\" content=\"ap.web.dev\" \/>\n\t<meta name=\"twitter:label2\" content=\"Est. reading time\" \/>\n\t<meta name=\"twitter:data2\" content=\"3 minutes\" \/>\n<script type=\"application\/ld+json\" class=\"yoast-schema-graph\">{\"@context\":\"https:\/\/schema.org\",\"@graph\":[{\"@type\":\"WebPage\",\"@id\":\"https:\/\/www.portocentral.com.br\/blog\/grupo-de-sustentabilidade-perola-ambiental-realiza-oficina-de-diagnostico-socioambiental-participativo\/\",\"url\":\"https:\/\/www.portocentral.com.br\/blog\/grupo-de-sustentabilidade-perola-ambiental-realiza-oficina-de-diagnostico-socioambiental-participativo\/\",\"name\":\"Grupo de Sustentabilidade P\u00e9rola Ambiental realiza Oficina de Diagn\u00f3stico Socioambiental Participativo - Porto Central\",\"isPartOf\":{\"@id\":\"https:\/\/www.portocentral.com.br\/#website\"},\"primaryImageOfPage\":{\"@id\":\"https:\/\/www.portocentral.com.br\/blog\/grupo-de-sustentabilidade-perola-ambiental-realiza-oficina-de-diagnostico-socioambiental-participativo\/#primaryimage\"},\"image\":{\"@id\":\"https:\/\/www.portocentral.com.br\/blog\/grupo-de-sustentabilidade-perola-ambiental-realiza-oficina-de-diagnostico-socioambiental-participativo\/#primaryimage\"},\"thumbnailUrl\":\"https:\/\/www.portocentral.com.br\/wp-content\/uploads\/2024\/12\/Frontal-view-scaled.jpg\",\"datePublished\":\"2022-07-26T19:16:27+00:00\",\"dateModified\":\"2022-07-26T19:16:27+00:00\",\"author\":{\"@id\":\"https:\/\/www.portocentral.com.br\/#\/schema\/person\/8718b7bc39ace14db0d09bd81477da93\"},\"breadcrumb\":{\"@id\":\"https:\/\/www.portocentral.com.br\/blog\/grupo-de-sustentabilidade-perola-ambiental-realiza-oficina-de-diagnostico-socioambiental-participativo\/#breadcrumb\"},\"inLanguage\":\"en-US\",\"potentialAction\":[{\"@type\":\"ReadAction\",\"target\":[\"https:\/\/www.portocentral.com.br\/blog\/grupo-de-sustentabilidade-perola-ambiental-realiza-oficina-de-diagnostico-socioambiental-participativo\/\"]}]},{\"@type\":\"ImageObject\",\"inLanguage\":\"en-US\",\"@id\":\"https:\/\/www.portocentral.com.br\/blog\/grupo-de-sustentabilidade-perola-ambiental-realiza-oficina-de-diagnostico-socioambiental-participativo\/#primaryimage\",\"url\":\"https:\/\/www.portocentral.com.br\/wp-content\/uploads\/2024\/12\/Frontal-view-scaled.jpg\",\"contentUrl\":\"https:\/\/www.portocentral.com.br\/wp-content\/uploads\/2024\/12\/Frontal-view-scaled.jpg\",\"width\":2560,\"height\":1440},{\"@type\":\"BreadcrumbList\",\"@id\":\"https:\/\/www.portocentral.com.br\/blog\/grupo-de-sustentabilidade-perola-ambiental-realiza-oficina-de-diagnostico-socioambiental-participativo\/#breadcrumb\",\"itemListElement\":[{\"@type\":\"ListItem\",\"position\":1,\"name\":\"In\u00edcio\",\"item\":\"https:\/\/www.portocentral.com.br\/\"},{\"@type\":\"ListItem\",\"position\":2,\"name\":\"Grupo de Sustentabilidade P\u00e9rola Ambiental realiza Oficina de Diagn\u00f3stico Socioambiental Participativo\"}]},{\"@type\":\"WebSite\",\"@id\":\"https:\/\/www.portocentral.com.br\/#website\",\"url\":\"https:\/\/www.portocentral.com.br\/\",\"name\":\"Porto Central\",\"description\":\"uma inovadora solu\u00e7\u00e3o log\u00edstica\",\"potentialAction\":[{\"@type\":\"SearchAction\",\"target\":{\"@type\":\"EntryPoint\",\"urlTemplate\":\"https:\/\/www.portocentral.com.br\/?s={search_term_string}\"},\"query-input\":\"required name=search_term_string\"}],\"inLanguage\":\"en-US\"},{\"@type\":\"Person\",\"@id\":\"https:\/\/www.portocentral.com.br\/#\/schema\/person\/8718b7bc39ace14db0d09bd81477da93\",\"name\":\"ap.web.dev\",\"image\":{\"@type\":\"ImageObject\",\"inLanguage\":\"en-US\",\"@id\":\"https:\/\/www.portocentral.com.br\/#\/schema\/person\/image\/\",\"url\":\"https:\/\/secure.gravatar.com\/avatar\/179edd726e4cd4db19dadc88168f78c8?s=96&d=mm&r=g\",\"contentUrl\":\"https:\/\/secure.gravatar.com\/avatar\/179edd726e4cd4db19dadc88168f78c8?s=96&d=mm&r=g\",\"caption\":\"ap.web.dev\"},\"sameAs\":[\"http:\/\/portocentral.com.br\"],\"url\":\"https:\/\/www.portocentral.com.br\/en\/blog\/author\/ap-web-dev\/\"}]}<\/script>\n<!-- \/ Yoast SEO plugin. -->","yoast_head_json":{"title":"Grupo de Sustentabilidade P\u00e9rola Ambiental realiza Oficina de Diagn\u00f3stico Socioambiental Participativo - Porto Central","robots":{"index":"index","follow":"follow","max-snippet":"max-snippet:-1","max-image-preview":"max-image-preview:large","max-video-preview":"max-video-preview:-1"},"canonical":"https:\/\/www.portocentral.com.br\/en\/blog\/grupo-de-sustentabilidade-perola-ambiental-realiza-oficina-de-diagnostico-socioambiental-participativo\/","og_locale":"en_US","og_type":"article","og_title":"Grupo de Sustentabilidade P\u00e9rola Ambiental realiza Oficina de Diagn\u00f3stico Socioambiental Participativo - Porto Central","og_description":"[:pb] Mais uma Oficina de Diagn\u00f3stico Socioambiental Participativo foi realizada pela equipe do Programa de Educa\u00e7\u00e3o Ambiental (PEA) do Porto Central. Desta vez, a contribui\u00e7\u00e3o foi dada pelo Grupo de Sustentabilidade P\u00e9rola Ambiental do Munic\u00edpio de Marata\u00edzes. Durante as atividades de grupo, os participantes confeccionam um mapa mental de seu Munic\u00edpio destacando as suas percep\u00e7\u00f5es [&hellip;]","og_url":"https:\/\/www.portocentral.com.br\/en\/blog\/grupo-de-sustentabilidade-perola-ambiental-realiza-oficina-de-diagnostico-socioambiental-participativo\/","og_site_name":"Porto Central","article_published_time":"2022-07-26T19:16:27+00:00","author":"ap.web.dev","twitter_card":"summary_large_image","twitter_misc":{"Written by":"ap.web.dev","Est. reading time":"3 minutes"},"schema":{"@context":"https:\/\/schema.org","@graph":[{"@type":"WebPage","@id":"https:\/\/www.portocentral.com.br\/blog\/grupo-de-sustentabilidade-perola-ambiental-realiza-oficina-de-diagnostico-socioambiental-participativo\/","url":"https:\/\/www.portocentral.com.br\/blog\/grupo-de-sustentabilidade-perola-ambiental-realiza-oficina-de-diagnostico-socioambiental-participativo\/","name":"Grupo de Sustentabilidade P\u00e9rola Ambiental realiza Oficina de Diagn\u00f3stico Socioambiental Participativo - Porto Central","isPartOf":{"@id":"https:\/\/www.portocentral.com.br\/#website"},"primaryImageOfPage":{"@id":"https:\/\/www.portocentral.com.br\/blog\/grupo-de-sustentabilidade-perola-ambiental-realiza-oficina-de-diagnostico-socioambiental-participativo\/#primaryimage"},"image":{"@id":"https:\/\/www.portocentral.com.br\/blog\/grupo-de-sustentabilidade-perola-ambiental-realiza-oficina-de-diagnostico-socioambiental-participativo\/#primaryimage"},"thumbnailUrl":"https:\/\/www.portocentral.com.br\/wp-content\/uploads\/2024\/12\/Frontal-view-scaled.jpg","datePublished":"2022-07-26T19:16:27+00:00","dateModified":"2022-07-26T19:16:27+00:00","author":{"@id":"https:\/\/www.portocentral.com.br\/#\/schema\/person\/8718b7bc39ace14db0d09bd81477da93"},"breadcrumb":{"@id":"https:\/\/www.portocentral.com.br\/blog\/grupo-de-sustentabilidade-perola-ambiental-realiza-oficina-de-diagnostico-socioambiental-participativo\/#breadcrumb"},"inLanguage":"en-US","potentialAction":[{"@type":"ReadAction","target":["https:\/\/www.portocentral.com.br\/blog\/grupo-de-sustentabilidade-perola-ambiental-realiza-oficina-de-diagnostico-socioambiental-participativo\/"]}]},{"@type":"ImageObject","inLanguage":"en-US","@id":"https:\/\/www.portocentral.com.br\/blog\/grupo-de-sustentabilidade-perola-ambiental-realiza-oficina-de-diagnostico-socioambiental-participativo\/#primaryimage","url":"https:\/\/www.portocentral.com.br\/wp-content\/uploads\/2024\/12\/Frontal-view-scaled.jpg","contentUrl":"https:\/\/www.portocentral.com.br\/wp-content\/uploads\/2024\/12\/Frontal-view-scaled.jpg","width":2560,"height":1440},{"@type":"BreadcrumbList","@id":"https:\/\/www.portocentral.com.br\/blog\/grupo-de-sustentabilidade-perola-ambiental-realiza-oficina-de-diagnostico-socioambiental-participativo\/#breadcrumb","itemListElement":[{"@type":"ListItem","position":1,"name":"In\u00edcio","item":"https:\/\/www.portocentral.com.br\/"},{"@type":"ListItem","position":2,"name":"Grupo de Sustentabilidade P\u00e9rola Ambiental realiza Oficina de Diagn\u00f3stico Socioambiental Participativo"}]},{"@type":"WebSite","@id":"https:\/\/www.portocentral.com.br\/#website","url":"https:\/\/www.portocentral.com.br\/","name":"Porto Central","description":"uma inovadora solu\u00e7\u00e3o log\u00edstica","potentialAction":[{"@type":"SearchAction","target":{"@type":"EntryPoint","urlTemplate":"https:\/\/www.portocentral.com.br\/?s={search_term_string}"},"query-input":"required name=search_term_string"}],"inLanguage":"en-US"},{"@type":"Person","@id":"https:\/\/www.portocentral.com.br\/#\/schema\/person\/8718b7bc39ace14db0d09bd81477da93","name":"ap.web.dev","image":{"@type":"ImageObject","inLanguage":"en-US","@id":"https:\/\/www.portocentral.com.br\/#\/schema\/person\/image\/","url":"https:\/\/secure.gravatar.com\/avatar\/179edd726e4cd4db19dadc88168f78c8?s=96&d=mm&r=g","contentUrl":"https:\/\/secure.gravatar.com\/avatar\/179edd726e4cd4db19dadc88168f78c8?s=96&d=mm&r=g","caption":"ap.web.dev"},"sameAs":["http:\/\/portocentral.com.br"],"url":"https:\/\/www.portocentral.com.br\/en\/blog\/author\/ap-web-dev\/"}]}},"_links":{"self":[{"href":"https:\/\/www.portocentral.com.br\/en\/wp-json\/wp\/v2\/posts\/8007"}],"collection":[{"href":"https:\/\/www.portocentral.com.br\/en\/wp-json\/wp\/v2\/posts"}],"about":[{"href":"https:\/\/www.portocentral.com.br\/en\/wp-json\/wp\/v2\/types\/post"}],"author":[{"embeddable":true,"href":"https:\/\/www.portocentral.com.br\/en\/wp-json\/wp\/v2\/users\/1"}],"replies":[{"embeddable":true,"href":"https:\/\/www.portocentral.com.br\/en\/wp-json\/wp\/v2\/comments?post=8007"}],"version-history":[{"count":0,"href":"https:\/\/www.portocentral.com.br\/en\/wp-json\/wp\/v2\/posts\/8007\/revisions"}],"wp:featuredmedia":[{"embeddable":true,"href":"https:\/\/www.portocentral.com.br\/en\/wp-json\/wp\/v2\/media\/12069"}],"wp:attachment":[{"href":"https:\/\/www.portocentral.com.br\/en\/wp-json\/wp\/v2\/media?parent=8007"}],"wp:term":[{"taxonomy":"category","embeddable":true,"href":"https:\/\/www.portocentral.com.br\/en\/wp-json\/wp\/v2\/categories?post=8007"},{"taxonomy":"post_tag","embeddable":true,"href":"https:\/\/www.portocentral.com.br\/en\/wp-json\/wp\/v2\/tags?post=8007"}],"curies":[{"name":"wp","href":"https:\/\/api.w.org\/{rel}","templated":true}]}}